{"id":9886,"date":"2020-05-21T21:32:50","date_gmt":"2020-05-21T19:32:50","guid":{"rendered":"https:\/\/pravdavlaske.sk\/?p=9886"},"modified":"2020-05-22T10:52:26","modified_gmt":"2020-05-22T08:52:26","slug":"bud-tym-cim-si-svetlom","status":"publish","type":"post","link":"https:\/\/pravdavlaske.sk\/en\/clanky\/nazory\/bud-tym-cim-si-svetlom\/","title":{"rendered":"Bu\u010f t\u00fdm, \u010d\u00edm si: svetlom"},"content":{"rendered":"<p>27. apr\u00edla 1873 vy\u0161iel Charles Haddon Spurgeon po dreven\u00fdch schodoch svojej kazate\u013enice v Metropolitan Tabernacle v Lond\u00fdne a vo svojej k\u00e1zni sa zameral na ver\u0161 z Mat\u00fa\u0161a 5:14. Jeho duniv\u00fd a autoritat\u00edvny hlas zahrmel slovami Krista: \u201eVy ste svetlo sveta.\u201c <em><!--more--><\/em>Svoju k\u00e1ze\u0148 za\u010dal nasledovne:<\/p>\n<p><em>\u201eP\u00e1n Je\u017ei\u0161 vlastne povedal: \u00b4Nie rab\u00edni, nie z\u00e1konn\u00edci, nie \u010dlenovia Sanhedrinu, ale vy, moji pokorn\u00ed u\u010den\u00edci, vy ste svetlom sveta!\u00b4Tento titul im neudelil po tom, \u010do ich 3 roky vyu\u010doval, ale takmer na za\u010diatku svojej slu\u017eby. Z tohto usudzujem, \u017ee im bol udelen\u00fd ani tak nie kv\u00f4li ich vedomostiam ale sk\u00f4r kv\u00f4li ich charakteru. Pr\u00e1ve ten ich robil svetlom sveta! Zatia\u013e e\u0161te nepre\u0161li Jeho duchovn\u00fdm v\u00fdcvikom a u\u017e o nich vyhl\u00e1sil: \u00b4Vy ste svetlo sveta!\u00b4\u201c\u00a0<\/em><\/p>\n<p>Spurgeon pokra\u010doval v\u00a0my\u0161lienke, \u017ee by\u0165 nosite\u013eom svetla, nem\u00e1 ni\u010d do\u010dinenia s\u00a0vysokou \u00farov\u0148ou teologick\u00fdch vedomost\u00ed alebo zborovou pr\u00edslu\u0161nos\u0165ou, ale s\u00a0t\u00fdm, \u010d\u00edm n\u00e1s P\u00e1n Je\u017ei\u0161 rob\u00ed skrze vieru. By\u0165 nosite\u013eom svetla je stav bytia, ak si <em>v\u00a0Kristovi<\/em>.<\/p>\n<p><strong>Svetlo \u017eivota<\/strong><\/p>\n<p>V\u00a0J\u00e1novi 8:12 P\u00e1n Je\u017ei\u0161 hovor\u00ed: \u201eJa som svetlo sveta. Kto m\u0148a nasleduje, nebude chodi\u0165 v tme, ale bude ma\u0165 svetlo \u017eivota.\u201c To znamen\u00e1, \u017ee v\u0161etci hrie\u0161nici t\u00e1paj\u00fa v\u00a0\u00faplnej tme, a\u017e k\u00fdm n\u00e1m Kristus mocou Ducha Sv\u00e4t\u00e9ho neo\u017eiv\u00ed na\u0161e m\u0155tve srdcia, neotvor\u00ed na\u0161e duchovne slep\u00e9 o\u010di a\u00a0nevymen\u00ed na\u0161e kamenn\u00e9 srdcia za srdcia m\u00e4sit\u00e9. Okam\u017eite po znovuzroden\u00ed sa hrie\u0161nici vyd\u00e1vaj\u00fa na ve\u010dn\u00fa cestu svetla (J\u00e1n 3). Pavel pou\u017e\u00edva rovnak\u00fa anal\u00f3giu v\u00a0liste Filipsk\u00fdm 2:15, kde hovor\u00ed, \u017ee Bo\u017eie deti, v\u0161etci skuto\u010dn\u00ed veriaci, \u017eiaria ako svetl\u00e1 v\u00a0tomto svete. In\u00fdmi slovami, v\u00a0spasen\u00ed Kristus rozsvieti v\u00a0na\u0161ich srdciach \u017eiariacu n\u00e1dheru svojej sl\u00e1vy, ktor\u00e1 nikdy nezhasne. Budeme ju vy\u017earova\u0165 naveky.<\/p>\n<p><strong>Svetl\u00e1 sveta<\/strong><\/p>\n<p>Na za\u010diatku svojej sl\u00e1vnej k\u00e1zne na vrchu P\u00e1n Je\u017ei\u0161 za svojich nasledovn\u00edkov, prav\u00fdch u\u010den\u00edkov, neozna\u010duje ani tak t\u00fdch, ktor\u00ed nie\u010do robia, ale t\u00fdch, ktor\u00ed niek\u00fdm s\u00fa. V\u00a0Mat\u00fa\u0161ovi vrav\u00ed: \u201eVy, priatelia, ste svetlom tohto vesm\u00edru.\u201c P\u00e1n Je\u017ei\u0161 sa neobracia na n\u00e1bo\u017eensk\u00fa elitu Izraela ale na be\u017en\u00fdch oby\u010dajn\u00fdch galilejsk\u00fdch ryb\u00e1rov a\u00a0farm\u00e1rov. Hovor\u00ed k\u00a0mal\u00fdm \u013eu\u010fom, ktor\u00fdm sa nedost\u00e1valo \u017eiadneho spolo\u010densk\u00e9ho uznania. P\u00e1n Je\u017ei\u0161 ich dv\u00edha zo \u0161piny tohto sveta a ozna\u010duje ich za svetlo vesm\u00edru. Hovor\u00ed, \u017ee ke\u010f\u017ee je On t\u00fdm prav\u00fdm svetlom tohto sveta a\u00a0preb\u00fdva v\u00a0nich vierou, bud\u00fa Ho odzrkad\u013eova\u0165. V\u00a0Biblii neexistuje ni\u010d tak\u00e9 ako skuto\u010dn\u00ed veriaci, ktor\u00ed by v\u00e1\u0161nivo nevy\u017earovali n\u00e1dheru sl\u00e1vy Krista vo svojich domovoch, komunit\u00e1ch a\u00a0vo svete.<\/p>\n<p>V\u00a0Mat\u00fa\u0161ovi 5:15 P\u00e1n Je\u017ei\u0161 prezentuje nezmyseln\u00fa ilustr\u00e1ciu a\u00a0hovor\u00ed o\u00a0niekom, kto zapa\u013euje sviecu a\u00a0polo\u017e\u00ed ju pod n\u00e1dobu, aby ukryl jej svetlo. Tento obraz uchv\u00e1ti pozornos\u0165 Jeho posluch\u00e1\u010dov. Ve\u010f kto by tak\u00e9 nie\u010do robil? Kto by rozsvietil sviecu a\u00a0ukryl jej svetlo? Len by t\u00fdm mrhal jej kn\u00f4tom a\u00a0olejom. T\u00e1to ilustr\u00e1cia \u017eivo demon\u0161truje, \u017ee tak ako \u00fa\u010delom sviece je svieti\u0165, \u00fa\u010delom u\u010den\u00edkov je vy\u017earova\u0165 sl\u00e1vu Boha spravodliv\u00fdm \u017eit\u00edm a\u00a0odv\u00e1\u017enym svedectvom.<\/p>\n<p>Nejde tu o\u00a0nejak\u00fd mal\u00fd plamienok, ktor\u00fd si nech\u00e1me pre seba. Neexistuje ni\u010d tak\u00e9 ako \u201es\u00fakromn\u00e9 kres\u0165anstvo\u201c. Svet pova\u017euje n\u00e1bo\u017eensk\u00fa vieru za osobn\u00fa z\u00e1le\u017eitos\u0165. Zm\u00fd\u0161\u013eanie je \u010dasto tak\u00e9to: \u201eTy ver\u00ed\u0161 vo svojho\u00a0Boha po svojom a\u00a0ja tie\u017e. Ni\u010d mi v\u0161ak o\u00a0tom nehovor. N\u00e1bo\u017eenstvo je s\u00fakromnou vecou ka\u017ed\u00e9ho z n\u00e1s.\u201c Tento koncept je \u00faplne cudz\u00ed biblick\u00e9mu kres\u0165anstvu. Sme zdie\u013eaj\u00facimi sa \u013eu\u010fmi so zdie\u013eanou vierou, \u013eu\u010fmi, ktor\u00ed horia vo svojom vn\u00fatri oh\u0148om zap\u00e1len\u00fdm Kristom.<\/p>\n<p><strong>Svie\u0165 pred v\u0161etk\u00fdmi \u013eu\u010fmi<\/strong><\/p>\n<p>V 15. ver\u0161i P\u00e1n Je\u017ei\u0161 pou\u017e\u00edva slovo \u201ev\u0161etk\u00fdm\u201c, \u010d\u00edm potvrdzuje celkov\u00fd rozsah svojej evanjeliovej misie. Podobne ako zo svetla maj\u00fa \u00fa\u017eitok v\u0161etci obyvatelia domu, tak v\u0161etci Jeho u\u010den\u00edci maj\u00fa \u0161\u00edri\u0165 evanjelium \u201ev\u0161etk\u00fdm\u201c. J.I. Packer rad\u00ed: \u201eNemali by sme by\u0165 odraden\u00ed skuto\u010dnos\u0165ou, \u017ee t\u00ed, ktor\u00ed nie s\u00fa vyvolen\u00ed, neuveria a\u00a0na\u0161e \u00fasilie o\u00a0ich obr\u00e1tenie zlyh\u00e1. Je to s\u00edce pravda, ale nie je to na\u0161ou vecou a\u00a0nem\u00e1 to ma\u0165 \u017eiadny dopad na na\u0161e skutky.\u201c Niekedy n\u00e1m na\u0161e teologick\u00e9 presved\u010denie oh\u013eadom Bo\u017eej zvrchovanosti v spasen\u00edm sl\u00fa\u017ei ako v\u00fdhovorka, pre\u010do dostato\u010dne neevanjelizujeme neveriacich. Packer pokra\u010duje: \u201eNaopak, viera vo zvrchovanos\u0165 Bo\u017eej vl\u00e1dy a\u00a0milosti je tou jedinou vecou, ktor\u00e1 na\u0161u evanjeliz\u00e1ciu dok\u00e1\u017ee podoprie\u0165. M\u00f4\u017ee n\u00e1m doda\u0165 odolnos\u0165, ktor\u00fa tak potrebujeme, ak chceme evanjelizova\u0165 odv\u00e1\u017ene a\u00a0vytrvalo.\u201c P\u00e1n Je\u017ei\u0161 n\u00e1m prikazuje, \u017ee m\u00e1me svieti\u0165 \u201ev\u0161etk\u00fdm\u201c. Na\u0161e evanjeliov\u00e9 \u00fasilie nesmie by\u0165 maren\u00e9 na\u0161ou vierou v\u00a0Bo\u017eiu zvrchovanos\u0165 v\u00a0spasen\u00ed, pr\u00e1ve naopak. Istota v\u00a0Bo\u017eiu zvrchovanos\u0165 zaist\u00ed na\u0161u evanjeliz\u00e1ciu a\u00a0zabezpe\u010d\u00ed jej \u00faspech.<\/p>\n<p>My zvestujeme, Boh zachra\u0148uje.<br \/>\nMy ideme, Boh pri\u0165ahuje.<br \/>\nMy posl\u00fachame, Boh z\u00edskava sl\u00e1vu.<\/p>\n<p>Cirkev m\u00e1 dnes jedine\u010dn\u00fa pr\u00edle\u017eitos\u0165 by\u0165 t\u00fdm, \u010d\u00edm je: svetlom tohto sveta. V\u00a0\u010dase, ke\u010f si \u013eudia klad\u00fa ot\u00e1zky o\u00a0Bohu, o pand\u00e9mii koronav\u00edrusu alebo\u00a0o ve\u010dnosti, \u017eiari. Bu\u010f preto t\u00fdm, k\u00fdm si!<\/p>\n<p><em>Dustin Benge<\/em><\/p>\n<p>Prelo\u017een\u00e9 z: <a href=\"https:\/\/www.reformandamin.org\/articles1\/2020\/3\/31\/be-what-you-arelight\">https:\/\/www.reformandamin.org\/articles1\/2020\/3\/31\/be-what-you-arelight<\/a><\/p>","protected":false},"excerpt":{"rendered":"<p>27. apr\u00edla 1873 vy\u0161iel Charles Haddon Spurgeon po dreven\u00fdch schodoch svojej kazate\u013enice v Metropolitan Tabernacle v Lond\u00fdne a vo svojej k\u00e1zni sa zameral na ver\u0161 z Mat\u00fa\u0161a 5:14. Jeho duniv\u00fd a autoritat\u00edvny hlas zahrmel slovami Krista: \u201eVy ste svetlo sveta.\u201c<\/p>","protected":false},"author":1,"featured_media":9887,"comment_status":"closed","ping_status":"open","sticky":false,"template":"","format":"standard","meta":{"footnotes":""},"categories":[83],"tags":[132],"ppma_author":[276],"class_list":["post-9886","post","type-post","status-publish","format-standard","has-post-thumbnail","hentry","category-nazory","tag-krestansky-zivot"],"authors":[{"term_id":276,"user_id":86,"is_guest":0,"slug":null,"display_name":"Dustin Benge","avatar_url":"https:\/\/secure.gravatar.com\/avatar\/4bfa8f71f37ceeeee6ade5db1c6eced0979a21fb43e9c0871f8a9f7e0b02e4f0?s=96&d=mm&r=g","0":null,"1":"","2":"","3":"","4":"","5":"","6":"","7":"","8":""}],"_links":{"self":[{"href":"https:\/\/pravdavlaske.sk\/en\/wp-json\/wp\/v2\/posts\/9886","targetHints":{"allow":["GET"]}}],"collection":[{"href":"https:\/\/pravdavlaske.sk\/en\/wp-json\/wp\/v2\/posts"}],"about":[{"href":"https:\/\/pravdavlaske.sk\/en\/wp-json\/wp\/v2\/types\/post"}],"author":[{"embeddable":true,"href":"https:\/\/pravdavlaske.sk\/en\/wp-json\/wp\/v2\/users\/1"}],"replies":[{"embeddable":true,"href":"https:\/\/pravdavlaske.sk\/en\/wp-json\/wp\/v2\/comments?post=9886"}],"version-history":[{"count":0,"href":"https:\/\/pravdavlaske.sk\/en\/wp-json\/wp\/v2\/posts\/9886\/revisions"}],"wp:featuredmedia":[{"embeddable":true,"href":"https:\/\/pravdavlaske.sk\/en\/wp-json\/wp\/v2\/media\/9887"}],"wp:attachment":[{"href":"https:\/\/pravdavlaske.sk\/en\/wp-json\/wp\/v2\/media?parent=9886"}],"wp:term":[{"taxonomy":"category","embeddable":true,"href":"https:\/\/pravdavlaske.sk\/en\/wp-json\/wp\/v2\/categories?post=9886"},{"taxonomy":"post_tag","embeddable":true,"href":"https:\/\/pravdavlaske.sk\/en\/wp-json\/wp\/v2\/tags?post=9886"},{"taxonomy":"author","embeddable":true,"href":"https:\/\/pravdavlaske.sk\/en\/wp-json\/wp\/v2\/ppma_author?post=9886"}],"curies":[{"name":"wp","href":"https:\/\/api.w.org\/{rel}","templated":true}]}}