{"id":9666,"date":"2020-02-17T20:43:35","date_gmt":"2020-02-17T19:43:35","guid":{"rendered":"https:\/\/pravdavlaske.sk\/?p=9666"},"modified":"2020-11-28T09:56:39","modified_gmt":"2020-11-28T08:56:39","slug":"sme-povolani-cinit-ucenikov-nie-len-obratenych","status":"publish","type":"post","link":"https:\/\/pravdavlaske.sk\/en\/clanky\/nazory\/sme-povolani-cinit-ucenikov-nie-len-obratenych\/","title":{"rendered":"Sme povolan\u00ed \u010dini\u0165 u\u010den\u00edkov,\u00a0nie len obr\u00e1ten\u00fdch"},"content":{"rendered":"<p>Mali by sme si dobre v\u0161imn\u00fa\u0165, \u010do P\u00e1n Je\u017ei\u0161 nepovedal pri ve\u013ekom vyslan\u00ed. Nepovedal: <em>\u201eCho\u010fte a\u00a0sna\u017ete sa obr\u00e1ti\u0165 \u010do najviac \u013eud\u00ed&#8230;\u201c<\/em><\/p>\n<p><em>\u201eJe\u017ei\u0161 prist\u00fapil k\u00a0nim a\u00a0povedal im: Dan\u00e1 je mi v\u0161etka moc na nebi a\u00a0na zemi. <!--more-->Cho\u010fte teda, \u010di\u0148te mi u\u010den\u00edkmi v\u0161etky n\u00e1rody, krstiac ich v\u00a0meno Otca i\u00a0Syna i\u00a0Ducha Sv\u00e4t\u00e9ho a\u00a0u\u010diac ich zachov\u00e1va\u0165 v\u0161etko, \u010doko\u013evek som v\u00e1m prik\u00e1zal. Ajh\u013ea, ja som s\u00a0vami po v\u0161etky dni, a\u017e do konca sveta. Amen.\u201c<\/em> (Mat\u00fa\u0161 28:18-20)<\/p>\n<p>Jedn\u00fdm z\u00a0najvzru\u0161uj\u00facej\u0161\u00edch obdob\u00ed m\u00f4jho \u017eivota bolo, ke\u010f som \u010derstvo uveril v\u00a0Krista. Bol som nad\u0161en\u00fd pre evanjeliz\u00e1ciu. Ke\u010f som v\u0161ak povedal svojim priate\u013eom o\u00a0tom, \u017ee som kres\u0165anom, mysleli si, \u017ee som sa zbl\u00e1znil. \u017dia\u013e, iba sa na tom pobavili a\u00a0zostali neusved\u010den\u00ed aj napriek tomu, \u017ee som im opakovane zvestoval evanjelium. Po op\u00e4tovn\u00fdch rozhovoroch mi nakoniec povedali: <em>\u201ePre\u010do neza\u010dne\u0161 robi\u0165 hodiny a\u00a0nenau\u010d\u00ed\u0161 n\u00e1s veci, ktor\u00e9 si sa dozvedel o\u00a0Je\u017ei\u0161ovi?\u201c<\/em> Tv\u00e1rili sa pritom \u00faplne v\u00e1\u017ene. Bol som nad\u0161en\u00fd. Dohodli sme si teda stretnutie, ja som tam pri\u0161iel o\u00a0nie\u010do sk\u00f4r, ale nikto z\u00a0nich sa nakoniec neuk\u00e1zal.<\/p>\n<p>Napriek svojej \u00faprimnej t\u00fa\u017ebe zvestova\u0165 evanjelium som v\u00a0tom zlyh\u00e1val. Toto som si uvedomil u\u017e v\u00a0za\u010diatkoch svojej slu\u017eby. Napriek tomu som tie\u017e zistil, \u017ee je mnoho \u013eud\u00ed, ktor\u00fdch si Kristus povolal a\u00a0obdaril Duchom Sv\u00e4t\u00fdm k\u00a0tomu, aby boli obzvl\u00e1\u0161\u0165 efekt\u00edvni pri evanjeliz\u00e1cii. Do dne\u0161n\u00e9ho d\u0148a som nesmierne prekvapen\u00fd, ke\u010f niekto svoje obr\u00e1tenie sp\u00e1ja z\u00a0\u010dasti aj s\u00a0mojou slu\u017ebou. Z\u00a0ur\u010dit\u00e9ho oh\u013eadu som nesmierne r\u00e1d, \u017ee ve\u013ek\u00e9 poverenie nie je predov\u0161etk\u00fdm o\u00a0evanjeliz\u00e1cii.<\/p>\n<p>Pred t\u00fdm, ako P\u00e1n Je\u017ei\u0161 povedal slov\u00e1 ve\u013ek\u00e9ho poverenia, povedal: <em>\u201eDan\u00e1 je mi v\u0161etka moc na nebi a\u00a0na zemi.\u201c<\/em> A\u017e po t\u00fdchto slov\u00e1ch povedal: <em>\u201eCho\u010fte teda, \u010di\u0148te mi u\u010den\u00edkmi v\u0161etky n\u00e1rody&#8230;\u201c<\/em> Ke\u010f P\u00e1n Je\u017ei\u0161 dal svojej cirkvi toto poverenie, hovoril s\u00a0autoritou. Dal cirkvi mand\u00e1t nie len evanjelizova\u0165, ale aj \u010dini\u0165 u\u010den\u00edkov. Toto n\u00e1s vedie k\u00a0d\u00f4le\u017eitej ot\u00e1zke: Kto je to u\u010den\u00edk?<\/p>\n<p>Na z\u00e1klade najjednoduch\u0161ej defin\u00edcie je u\u010den\u00edkom niekto, kto s\u00fastre\u010fuje svoju myse\u013e na konkr\u00e9tne poznanie a\u00a0spr\u00e1vanie. Dalo by sa teda poveda\u0165, \u017ee u\u010den\u00edk je ur\u010dit\u00fdm sp\u00f4sobom \u017eiak. Gr\u00e9cki filozofi, napr\u00edklad Sokrates, Plat\u00f3n a\u00a0Aristoteles, mali tie\u017e svojich u\u010den\u00edkov. Sokrates s\u00e1m seba opisuje ako Hom\u00e9rovho u\u010den\u00edka, ktor\u00e9ho on pova\u017eoval za najv\u00e4\u010d\u0161ieho myslite\u013ea celej gr\u00e9ckej hist\u00f3rie.<\/p>\n<p>Hom\u00e9ra pova\u017eujeme sk\u00f4r za b\u00e1snika ako za filozofa. Sokrates ho v\u0161ak vn\u00edmal ako najvy\u0161\u0161ieho u\u010dite\u013ea starovek\u00e9ho Gr\u00e9cka. Rovnako aj Sokrates mal svojich vlastn\u00fdch \u0161tudentov, z ktor\u00fdch hlavn\u00fdm u\u010den\u00edkom bol Plat\u00f3n. Plat\u00f3n mal tak isto svojich u\u010den\u00edkov, z\u00a0ktor\u00fdch najv\u00fdznamnej\u0161\u00edm bol Aristoteles. Aristoteles mal svojich u\u010den\u00edkov a\u00a0najzn\u00e1mej\u0161\u00edm z\u00a0nich bol Alexander Ve\u013ek\u00fd. Po pravde, je a\u017e nemyslite\u013en\u00e9 si predstavi\u0165 hist\u00f3riu z\u00e1padnej civiliz\u00e1cie bez vplyvu t\u00fdchto \u0161tyroch ve\u013ek\u00fdch mien, z\u00a0ktor\u00fdch ka\u017ed\u00fd jeden bol u\u010den\u00edkom toho predo\u0161l\u00e9ho.<\/p>\n<p>Obzvl\u00e1\u0161\u0165 Aristoteles bol zn\u00e1my ako \u201eperipatetick\u00fd\u201c filozof. To znamen\u00e1, \u017ee \u017eil nom\u00e1dskym sp\u00f4sobom \u017eivota a\u00a0nikdy nevyu\u010doval na nejakom konkr\u00e9tnom mieste, ale chodil z\u00a0miesta na miesto. Jeho \u0161tudenti ho museli sledova\u0165 popri tom, ako sa prech\u00e1dzal ulicami At\u00e9n. V\u00a0ur\u010ditom zmysle \u017eili jeho u\u010den\u00edci rovnak\u00fd \u017eivot ako on a\u00a0u\u010dili sa od neho poznaniu, po\u010das jeho be\u017enej dennej rutiny.<\/p>\n<p>Vy\u0161\u0161ie spomenut\u00e9 pr\u00edklady vrhaj\u00fa svetlo na v\u00fdznam u\u010den\u00edctva. Nezachyt\u00e1vaj\u00fa v\u0161ak \u00fapln\u00fa podstatu biblick\u00e9ho u\u010den\u00edctva. U\u010den\u00edctvo v\u00a0biblickom pon\u00edman\u00ed znamen\u00e1 tie\u017e chodenie s\u00a0U\u010dite\u013eom a\u00a0u\u010denie sa z\u00a0Jeho slov, av\u0161ak je v\u00a0tom e\u0161te omnoho viac.<\/p>\n<p>P\u00e1n Je\u017ei\u0161 bol rab\u00edn a\u00a0samozrejme bol t\u00fdm najd\u00f4le\u017eitej\u0161\u00edm u\u010dite\u013eom a\u00a0\u010dinite\u013eom u\u010den\u00edkov v\u00a0hist\u00f3rii. Kamko\u013evek i\u0161iel, Jeho \u0161tudenti Ho nasledovali. Na za\u010diatku svojej verejnej slu\u017eby si vybral konkr\u00e9tnych jednotlivcov za svojich u\u010den\u00edkov. Museli si pam\u00e4ta\u0165 v\u0161etko, \u010do u\u010dil, popri tom, ako prech\u00e1dzal z\u00a0miesta na miesto. T\u00edto \u013eudia si nevyp\u013a\u0148ali \u017eiadne \u017eiadosti, aby mohli vst\u00fapi\u0165 do Je\u017ei\u0161ovej \u0161koly. Je\u017ei\u0161 si s\u00e1m vybral svojich u\u010den\u00edkov. I\u0161iel priamo za potenci\u00e1lnymi u\u010den\u00edkmi, nech u\u017e boli kdeko\u013evek, \u010di u\u017e na trhovisku alebo vo svojej pr\u00e1ci a\u00a0dal im jednoduch\u00fd pr\u00edkaz: <em>\u201eNasleduj ma.\u201c<\/em> Tento pr\u00edkaz bol doslovn\u00fd, \u017eiadal od nich, aby odlo\u017eili svoje s\u00fa\u010dasn\u00e9 povinnosti. Museli opusti\u0165 pr\u00e1cu, svoje rodiny a\u00a0priate\u013eov, aby mohli nasledova\u0165 P\u00e1na Je\u017ei\u0161a.<\/p>\n<p>Je\u017ei\u0161 bol viac ne\u017e len peripratetick\u00fd u\u010dite\u013e. Jeho u\u010den\u00edci ho naz\u00fdvali \u201eMajstre\u201c. Cel\u00e9 ich \u017eivoty sa zmenili, preto\u017ee nasledovali Je\u017ei\u0161a nielen ako ve\u013ek\u00e9ho u\u010dite\u013ea ale ako P\u00e1na p\u00e1nov. Toto je podstata u\u010den\u00edctva: Plne sa podda\u0165 pod Kristovu autoritu, ktor\u00e9ho panstvo presahuje hranice oby\u010dajnej triedy. Je\u017ei\u0161ove panstvo sa t\u00fdka cel\u00e9ho \u017eivota. Gr\u00e9cki filozofi sa u\u010dili od svojich u\u010dite\u013eov, ale n\u00e1sledne sa dostali do bodu, kedy toto u\u010dite\u013eovo u\u010denie nejak\u00fdm sp\u00f4sobom zdokonalili. Kristovi u\u010den\u00edci nemaj\u00fa tak\u00fdto pr\u00edkaz. Sme povolan\u00ed k\u00a0tomu, aby sme rozumeli a\u00a0vyu\u010dovali jedine to, \u010do n\u00e1m Boh zjavil skrze Krista, vr\u00e1tane Starej zmluvy, ktor\u00fd poukazuje na Krista a\u00a0Nov\u00fa zmluvu, v\u00a0ktorej s\u00fa zakotven\u00e9 samotn\u00e9 Kristove slov\u00e1 a\u00a0slov\u00e1 t\u00fdch, ktor\u00fdch Kristus ur\u010dil na to, aby hovorili v\u00a0Jeho mene.<\/p>\n<p>Ve\u013ek\u00e9 poverenie je Kristovou v\u00fdzvou pre u\u010den\u00edkov, aby roz\u0161\u00edrili Jeho autoritu do cel\u00e9ho sveta. Sme povolan\u00ed zdie\u013ea\u0165 evanjelium s\u00a0ka\u017ed\u00fdm, aby st\u00e1le viac a\u00a0viac \u013eud\u00ed mohlo Krista naz\u00fdva\u0165 svojim Majstrom. Toto poverenie v\u0161ak nie je len oby\u010dajn\u00fdm volan\u00edm evanjelizova\u0165. Nie je to len oby\u010dajn\u00e9 z\u00edskavanie \u0161tudentov na semin\u00e1re a\u00a0univerzity. P\u00e1n Je\u017ei\u0161 n\u00e1s vyz\u00fdva sk\u00f4r k\u00a0tomu, aby sme \u010dinili u\u010den\u00edkov. U\u010den\u00edci s\u00fa \u013eudia, ktor\u00ed sa pevne rozhodli nav\u017edy odovzda\u0165 svoje srdcia a\u00a0mysle u\u010deniu a\u00a0spr\u00e1vaniu ich Majstra. Tak\u00e9to u\u010den\u00edctvo je celo\u017eivotnou sk\u00fasenos\u0165ou.<\/p>\n<p>Pokia\u013e sme u\u010den\u00edkmi, tak sa n\u00e1m nikdy nepodar\u00ed v\u00a0tomto \u0161t\u00fadiu z\u00edska\u0165 titul, a\u017e k\u00fdm sa nedostaneme do neba. U\u010den\u00edctvo je celo\u017eivotn\u00fdm u\u010den\u00edm sa Kristovmu zm\u00fd\u0161\u013eaniu, je to celo\u017eivotn\u00e9 nasledovanie Jeho v\u00f4le a\u00a0podriadenie sa v\u00a0plnej poslu\u0161nosti Jeho autorite. Preto ke\u010f n\u00e1s P\u00e1n Je\u017ei\u0161 vysiela do cel\u00e9ho sveta, sme povinn\u00ed nies\u0165 Jeho u\u010denie a\u00a0nie svoje vlastn\u00e9. Ve\u013ek\u00e9 poverenie n\u00e1s vyz\u00fdva k\u00a0tomu, aby sme nap\u013a\u0148ali zem rozumn\u00fdmi a\u00a0vern\u00fdmi kres\u0165anmi, ktor\u00ed uctievaj\u00fa Boha a\u00a0so z\u00e1palom nasleduj\u00fa Krista. Na\u0161\u00edm cie\u013eom m\u00e1 by\u0165 tak\u00e9to biblick\u00e9 u\u010den\u00edctvo. Na\u0161ou t\u00fa\u017ebou by malo by\u0165 volanie \u013eud\u00ed k\u00a0pok\u00e1niu a\u00a0poslu\u0161nosti nasledova\u0165 Krista vo svojich ka\u017edodenn\u00fdch \u017eivotoch.<\/p>\n<p><a href=\"https:\/\/pravdavlaske.sk\/en\/tag\/rc-sproul\/\"><em>R.C. Sproul<\/em><\/a><\/p>\n<p>Prelo\u017een\u00e9 z: <a href=\"https:\/\/www.ligonier.org\/blog\/were-called-make-disciples-not-simply-converts\/\">https:\/\/www.ligonier.org\/blog\/were-called-make-disciples-not-simply-converts\/<\/a><\/p>","protected":false},"excerpt":{"rendered":"<p>Mali by sme si dobre v\u0161imn\u00fa\u0165, \u010do P\u00e1n Je\u017ei\u0161 nepovedal pri ve\u013ekom vyslan\u00ed. Nepovedal: \u201eCho\u010fte a\u00a0sna\u017ete sa obr\u00e1ti\u0165 \u010do najviac \u013eud\u00ed&#8230;\u201c \u201eJe\u017ei\u0161 prist\u00fapil k\u00a0nim a\u00a0povedal im: Dan\u00e1 je mi v\u0161etka moc na nebi a\u00a0na zemi.<\/p>","protected":false},"author":1,"featured_media":9667,"comment_status":"closed","ping_status":"open","sticky":false,"template":"","format":"standard","meta":{"footnotes":""},"categories":[83],"tags":[134,148],"ppma_author":[199],"class_list":["post-9666","post","type-post","status-publish","format-standard","has-post-thumbnail","hentry","category-nazory","tag-misia","tag-rc-sproul"],"authors":[{"term_id":199,"user_id":15,"is_guest":0,"slug":"leonardo-de-chirico","display_name":"R.C. Sproul","avatar_url":"https:\/\/secure.gravatar.com\/avatar\/c662af1f5fd6dbefb6c5fb3fa7984942169099bd2cfeda85b902472744468b4f?s=96&d=mm&r=g","0":null,"1":"","2":"","3":"","4":"","5":"","6":"","7":"","8":""}],"_links":{"self":[{"href":"https:\/\/pravdavlaske.sk\/en\/wp-json\/wp\/v2\/posts\/9666","targetHints":{"allow":["GET"]}}],"collection":[{"href":"https:\/\/pravdavlaske.sk\/en\/wp-json\/wp\/v2\/posts"}],"about":[{"href":"https:\/\/pravdavlaske.sk\/en\/wp-json\/wp\/v2\/types\/post"}],"author":[{"embeddable":true,"href":"https:\/\/pravdavlaske.sk\/en\/wp-json\/wp\/v2\/users\/1"}],"replies":[{"embeddable":true,"href":"https:\/\/pravdavlaske.sk\/en\/wp-json\/wp\/v2\/comments?post=9666"}],"version-history":[{"count":0,"href":"https:\/\/pravdavlaske.sk\/en\/wp-json\/wp\/v2\/posts\/9666\/revisions"}],"wp:featuredmedia":[{"embeddable":true,"href":"https:\/\/pravdavlaske.sk\/en\/wp-json\/wp\/v2\/media\/9667"}],"wp:attachment":[{"href":"https:\/\/pravdavlaske.sk\/en\/wp-json\/wp\/v2\/media?parent=9666"}],"wp:term":[{"taxonomy":"category","embeddable":true,"href":"https:\/\/pravdavlaske.sk\/en\/wp-json\/wp\/v2\/categories?post=9666"},{"taxonomy":"post_tag","embeddable":true,"href":"https:\/\/pravdavlaske.sk\/en\/wp-json\/wp\/v2\/tags?post=9666"},{"taxonomy":"author","embeddable":true,"href":"https:\/\/pravdavlaske.sk\/en\/wp-json\/wp\/v2\/ppma_author?post=9666"}],"curies":[{"name":"wp","href":"https:\/\/api.w.org\/{rel}","templated":true}]}}