{"id":9349,"date":"2019-12-23T21:43:29","date_gmt":"2019-12-23T20:43:29","guid":{"rendered":"https:\/\/pravdavlaske.sk\/?p=9349"},"modified":"2025-12-10T14:00:14","modified_gmt":"2025-12-10T13:00:14","slug":"7-dovodov-preco-oslavovat-advent","status":"publish","type":"post","link":"https:\/\/pravdavlaske.sk\/en\/clanky\/nazory\/7-dovodov-preco-oslavovat-advent\/","title":{"rendered":"7 d\u00f4vodov, pre\u010do oslavova\u0165 advent"},"content":{"rendered":"<p>Vyrastal som v\u00a0zbore, ktor\u00fd neoslavoval advent. Mal som u\u017e viac ako 20 rokov, ke\u010f som bol uveden\u00fd do adventnej trad\u00edcie a\u00a0nijak \u0161peci\u00e1lne ma vtedy nenadchla. Ve\u010f \u010do je tak cenn\u00e9 na \u0161tyroch t\u00fd\u017ed\u0148och t\u00fa\u017eobn\u00e9ho o\u010dak\u00e1vania? Zd\u00e1 sa, \u017ee je to v\u00a0rozpore s\u00a0prevl\u00e1daj\u00facou veselou atmosf\u00e9rou, ktor\u00e1 panuje v\u00a0n\u00e1kupn\u00fdch centr\u00e1ch.<!--more--><\/p>\n<p>Nakoniec som si v\u0161ak advent zamiloval. Hoci jeho zachov\u00e1vanie nie je nariaden\u00e9 P\u00edsmom, existuj\u00fa prospe\u0161n\u00e9 d\u00f4vody, ktor\u00e9 je potrebn\u00e9 zv\u00e1\u017ei\u0165 kv\u00f4li zaradeniu adventu do n\u00e1\u0161ho sviato\u010dn\u00e9ho rytmu. Tu je 7 potenci\u00e1lnych \u00fa\u017eitkov z\u00a0neho:<\/p>\n<ol>\n<li><strong>Advent n\u00e1m pripom\u00edna, \u017ee nie sme centrom Bo\u017eieho pl\u00e1nu.<\/strong><\/li>\n<\/ol>\n<p>Advent je pr\u00edle\u017eitos\u0165ou pripomen\u00fa\u0165 si, \u017ee Boh m\u00e1 ve\u013ek\u00fd pl\u00e1n, ktor\u00fd je omnoho v\u00e4\u010d\u0161\u00ed ako ty a\u00a0tvoji pr\u00edbuzn\u00ed. Kv\u00f4li v\u0161etk\u00fdm t\u00fdm d\u00f4razom na sentiment\u00e1lnos\u0165 a d\u00e1vanie si dar\u010dekov, ktor\u00e1 charakterizuje na\u0161u sviato\u010dn\u00fa kult\u00faru, m\u00f4\u017eeme ma\u0165 sklon sa zamera\u0165 na svoj \u00fazky okruh priate\u013eov. Tak\u017ee uprostred obdobia, ktor\u00e9 m\u00f4\u017ee z\u00fa\u017ei\u0165 n\u00e1\u0161 poh\u013ead, n\u00e1m advent pripom\u00edna, aby sme c\u00favli a z\u00edskali v\u00e4\u010d\u0161\u00ed rozh\u013ead nad Bo\u017e\u00edmi z\u00e1mermi po\u010das hist\u00f3rie.<\/p>\n<p>Pred zalo\u017een\u00edm sveta Boh nap\u00edsal \u201eKnihu \u017eivota zabit\u00e9ho Bar\u00e1nka\u201c (Zjavenie J\u00e1na 13:8). Pr\u00edbeh vrchol\u00ed svadbou Bar\u00e1nka a\u00a0Jeho nevesty (Zjavenie J\u00e1na 19:7). Ak\u00e9 je \u00fa\u017easn\u00e9, \u017ee sme p\u00f4sobivo zahrnut\u00ed do tohto ohromn\u00e9ho pl\u00e1nu! Av\u0161ak my nie sme hlavn\u00fdmi postavami tohto pr\u00edbehu. O\u010dak\u00e1vanie adventu smeruje n\u00e1\u0161 poh\u013ead na omnoho v\u00e4\u010d\u0161\u00ed pr\u00edbeh, ako je n\u00e1\u0161 viano\u010dn\u00fd sentiment.<\/p>\n<ol start=\"2\">\n<li><strong>Advent n\u00e1m pripom\u00edna gener\u00e1cie sv\u00e4t\u00fdch, ktor\u00ed t\u00fa\u017eili po Mesi\u00e1\u0161ovi.<\/strong><\/li>\n<\/ol>\n<p>Nebolo to tak d\u00e1vno, \u010do bolo luxusom uskuto\u010dni\u0165 prevod platby za dva dni. Dnes je to ot\u00e1zka hod\u00edn. Maj\u00fa e\u0161te modern\u00ed \u013eudia prie\u010dinok pre t\u00fa\u017eby a\u00a0o\u010dak\u00e1vania? Advent n\u00e1m d\u00e1va pr\u00edle\u017eitos\u0165 predstavi\u0165 si dlh\u00e9 \u010dakanie na pr\u00edchod Mesi\u00e1\u0161a, ktor\u00fd bol zas\u013e\u00faben\u00fd tis\u00edce rokov pred svoj\u00edm pr\u00edchodom v\u00a0Betleheme (J\u00e1n 8:56, \u017didom 11:13). Gener\u00e1cie sv\u00e4t\u00fdch dost\u00e1vali od Boha zas\u013e\u00fabenia a\u00a0predobrazy, ktor\u00e9 e\u0161te vystup\u0148ovali ich t\u00fa\u017ebu po \u0147om.<\/p>\n<ol start=\"3\">\n<li><strong>Advent n\u00e1s nap\u00e1ja na st\u00e1ro\u010dia cirkevnej trad\u00edcie.<\/strong><\/li>\n<\/ol>\n<p>Cirkevn\u00e1 trad\u00edcia nie je na\u0161ou kone\u010dnou autoritou ako P\u00edsmo, ale nie sme prvou gener\u00e1ciou, ktor\u00e1 sa sna\u017e\u00ed \u017ei\u0165 verne pod\u013ea Bo\u017eieho slova. Sme naivn\u00ed, ak ignorujeme prax, ktor\u00e1 priniesla ovocie to\u013ek\u00fdm ob\u010danom Bo\u017eieho kr\u00e1\u013eovstva. M\u00e1me si pripom\u00edna\u0165 svojich vodcov a\u00a0uva\u017eova\u0165 nad ovoc\u00edm ich viery (\u017didom 13:7). Oslava adventu je pr\u00edle\u017eitos\u0165ou napodobni\u0165 vieru mnoh\u00fdch vern\u00fdch l\u00eddrov, ktor\u00ed n\u00e1s predi\u0161li.<\/p>\n<ol start=\"4\">\n<li><strong>Advent prin\u00e1\u0161a spomalenie do upon\u00e1h\u013eanej doby.<\/strong><\/li>\n<\/ol>\n<p>Zd\u00e1 sa, \u017ee najm\u00e4 na z\u00e1pade n\u00e1s Vianoce smeruj\u00fa priamo k\u00a0\u0161ialenstvu. V\u00fdpredaje nemaj\u00fa konca kraja, \u0161tudenti sa u\u010dia na sk\u00fa\u0161ky, rodi\u010dia s\u00fa zanepr\u00e1zdnen\u00ed kupovan\u00edm dar\u010dekov, kuchyne s\u00fa preplnen\u00e9 potravinami a rodiny sa pon\u00e1h\u013eaj\u00fa nav\u0161t\u00edvi\u0165 svojich pr\u00edbuzn\u00fdch. Advent n\u00e1m d\u00e1va pr\u00edle\u017eitos\u0165 ubra\u0165 na tempe pr\u00edpadne sa a\u017e zastavi\u0165 a prem\u00fd\u0161\u013ea\u0165 nad Bo\u017e\u00edmi z\u00e1mermi. Prostredn\u00edctvom ka\u017edodenn\u00e9ho \u010d\u00edtania Bo\u017eieho slova sa chceme zastavi\u0165 a\u00a0prem\u00fd\u0161\u013ea\u0165 v\u00a0dobe, ktor\u00e1 by mohla tieto my\u0161lienky prehlu\u0161i\u0165.<\/p>\n<ol start=\"5\">\n<li><strong>Advent n\u00e1s u\u010d\u00ed trpezlivosti.<\/strong><\/li>\n<\/ol>\n<p>Trpezlivos\u0165 je ovoc\u00edm Ducha Sv\u00e4t\u00e9ho. Av\u0161ak aj ke\u010f je to Jeho dielo, m\u00f4\u017eeme h\u013eada\u0165 prostriedky, skrze ktor\u00e9 ho bude Duch Bo\u017e\u00ed pestova\u0165 v\u00a0na\u0161ich srdciach. Rozpam\u00e4tan\u00edm sa na o\u010dak\u00e1vanie Kristovho prv\u00e9ho pr\u00edchodu vn\u00edmame Bo\u017eie milosrdenstvo. Neupon\u00e1h\u013eal sa, aby zni\u010dil svojich nepriate\u013eov. Po\u010das adventu vn\u00edmame trpezlivos\u0165 P\u00e1na Je\u017ei\u0161a a\u00a0h\u013eaden\u00edm na Neho sa men\u00edme do Jeho podoby p\u00f4soben\u00edm Ducha Sv\u00e4t\u00e9ho (2. Korintsk\u00fdm 3:18).<\/p>\n<ol start=\"6\">\n<li><strong>Advent demon\u0161truje zriedkav\u00fa kres\u0165ansk\u00fa nespokojnos\u0165.<\/strong><\/li>\n<\/ol>\n<p>Ke\u010f je kres\u0165ansk\u00e1 spokojnos\u0165 zriedkav\u00e1 v\u00a0roz\u013eahlom dave nespokojn\u00fdch \u013eud\u00ed, kres\u0165ansk\u00e1 nespokojnos\u0165 m\u00f4\u017ee by\u0165 e\u0161te zriedkavej\u0161ia. Ako inak m\u00f4\u017eu v\u00fdsledky prvot\u00edn Ducha Sv\u00e4t\u00e9ho r\u00e1s\u0165 v na\u0161om vn\u00fatri (Rimanom 8:23)? \u010co m\u00e1me urobi\u0165 s\u00a0du\u0161ami mu\u010den\u00edkov pod Bo\u017e\u00edm olt\u00e1rom, ktor\u00e9 volaj\u00fa: \u201eDokedy, \u00f3, Pane?\u201c (Zjavenie J\u00e1na 6:10)? V\u00a0tomto padlom hrie\u0161nom svete okolo n\u00e1s nemus\u00edme dlho p\u00e1tra\u0165, aby sme na\u0161li d\u00f4vody, pre ktor\u00e9 bude v\u00a0n\u00e1s r\u00e1s\u0165 spravodliv\u00e1 nespokojnos\u0165 a\u00a0silnie\u0165 sv\u00e4t\u00fd n\u00e1rek. Advent t\u00fato situ\u00e1ciu modeluje, ke\u010f si pripom\u00edname n\u00e1reky pred prv\u00fdm pr\u00edchodom a\u00a0prid\u00e1vame sa k nim pred t\u00fdm druh\u00fdm.<\/p>\n<ol start=\"7\">\n<li><strong>Advent posil\u0148uje d\u00f4veru v\u00a0Bo\u017eie zas\u013e\u00fabenia.<\/strong><\/li>\n<\/ol>\n<p>Ako prem\u00fd\u0161\u013eame nad Bo\u017eou vernos\u0165ou vo\u010di Jeho zas\u013e\u00fabeniam v\u00a0minulosti, sme uis\u0165ovan\u00ed o\u00a0s\u013euboch, ktor\u00fdch naplnenie st\u00e1le o\u010dak\u00e1vame. P\u00e1n Je\u017ei\u0161 povedal, \u017ee pr\u00edde \u010doskoro (Zjavenie J\u00e1na 22:12). Hoci na\u0161a predstava slova \u201e\u010doskoro\u201c sa m\u00f4\u017ee od tej P\u00e1novej zna\u010dne l\u00ed\u0161i\u0165, Duch Sv\u00e4t\u00fd posil\u0148uje na\u0161u vieru sledovan\u00edm presnosti Bo\u017eej vernosti vo\u010di sv\u00e4t\u00fdm v\u00a0priebehu celej hist\u00f3rie. D\u00f4vera v\u00a0druh\u00fd pr\u00edchod Krista in\u0161piruje misiu (Mat\u00fa\u0161 24:14), umo\u017e\u0148uje vytv\u00e1ra\u0165 kres\u0165ansk\u00e9 spolo\u010denstv\u00e1, vz\u00e1jomne sa povzbudzova\u0165 (\u017didom 10:25) a\u00a0uschop\u0148uje n\u00e1s do radostn\u00e9ho zn\u00e1\u0161ania utrpen\u00ed (\u017didom 10:34).<\/p>\n<p>Ak sa teda podob\u00e1te na m\u0148a a\u00a0nevyrastali ste v\u00a0rodine alebo v zbore s\u00a0trad\u00edciou adventu, zv\u00e1\u017ete tieto v\u00fdhody a\u00a0pripojte sa po\u010das t\u00fdchto sviatkov k\u00a0mnoh\u00fdm kres\u0165anom, ktor\u00ed maj\u00fa ve\u013ek\u00fd \u00fa\u017eitok z\u00a0adventn\u00fdch pr\u00edprav pre sl\u00e1venie Vianoc a oslavu Krista. Pripojme sa k\u00a0hlasom gener\u00e1ci\u00ed sv\u00e4t\u00fdch v\u00a0minulosti a\u00a0s\u00fa\u010dasnosti a\u00a0volajme spolo\u010dne: \u201e\u00d3, pr\u00ed\u010f, pr\u00ed\u010f, Emanuel!\u201c<\/p>\n<p><em>Ryan Shelton<\/em><\/p>\n<p>Prelo\u017een\u00e9 z: <a href=\"https:\/\/www.desiringgod.org\/articles\/seven-reasons-to-celebrate-advent\">https:\/\/www.desiringgod.org\/articles\/seven-reasons-to-celebrate-advent<\/a><\/p>","protected":false},"excerpt":{"rendered":"<p>Vyrastal som v\u00a0zbore, ktor\u00fd neoslavoval advent. Mal som u\u017e viac ako 20 rokov, ke\u010f som bol uveden\u00fd do adventnej trad\u00edcie a\u00a0nijak \u0161peci\u00e1lne ma vtedy nenadchla. Ve\u010f \u010do je tak cenn\u00e9 na \u0161tyroch t\u00fd\u017ed\u0148och t\u00fa\u017eobn\u00e9ho o\u010dak\u00e1vania? Zd\u00e1 sa, \u017ee je to v\u00a0rozpore s\u00a0prevl\u00e1daj\u00facou veselou atmosf\u00e9rou, ktor\u00e1 panuje v\u00a0n\u00e1kupn\u00fdch centr\u00e1ch.<\/p>","protected":false},"author":30,"featured_media":9352,"comment_status":"closed","ping_status":"open","sticky":false,"template":"","format":"standard","meta":{"footnotes":""},"categories":[83],"tags":[132],"ppma_author":[312],"class_list":["post-9349","post","type-post","status-publish","format-standard","has-post-thumbnail","hentry","category-nazory","tag-krestansky-zivot"],"authors":[{"term_id":312,"user_id":30,"is_guest":0,"slug":"ryan-shelton","display_name":"Ryan Shelton","avatar_url":"https:\/\/secure.gravatar.com\/avatar\/?s=96&d=mm&r=g","0":null,"1":"","2":"","3":"","4":"","5":"","6":"","7":"","8":""}],"_links":{"self":[{"href":"https:\/\/pravdavlaske.sk\/en\/wp-json\/wp\/v2\/posts\/9349","targetHints":{"allow":["GET"]}}],"collection":[{"href":"https:\/\/pravdavlaske.sk\/en\/wp-json\/wp\/v2\/posts"}],"about":[{"href":"https:\/\/pravdavlaske.sk\/en\/wp-json\/wp\/v2\/types\/post"}],"author":[{"embeddable":true,"href":"https:\/\/pravdavlaske.sk\/en\/wp-json\/wp\/v2\/users\/30"}],"replies":[{"embeddable":true,"href":"https:\/\/pravdavlaske.sk\/en\/wp-json\/wp\/v2\/comments?post=9349"}],"version-history":[{"count":1,"href":"https:\/\/pravdavlaske.sk\/en\/wp-json\/wp\/v2\/posts\/9349\/revisions"}],"predecessor-version":[{"id":11309,"href":"https:\/\/pravdavlaske.sk\/en\/wp-json\/wp\/v2\/posts\/9349\/revisions\/11309"}],"wp:featuredmedia":[{"embeddable":true,"href":"https:\/\/pravdavlaske.sk\/en\/wp-json\/wp\/v2\/media\/9352"}],"wp:attachment":[{"href":"https:\/\/pravdavlaske.sk\/en\/wp-json\/wp\/v2\/media?parent=9349"}],"wp:term":[{"taxonomy":"category","embeddable":true,"href":"https:\/\/pravdavlaske.sk\/en\/wp-json\/wp\/v2\/categories?post=9349"},{"taxonomy":"post_tag","embeddable":true,"href":"https:\/\/pravdavlaske.sk\/en\/wp-json\/wp\/v2\/tags?post=9349"},{"taxonomy":"author","embeddable":true,"href":"https:\/\/pravdavlaske.sk\/en\/wp-json\/wp\/v2\/ppma_author?post=9349"}],"curies":[{"name":"wp","href":"https:\/\/api.w.org\/{rel}","templated":true}]}}