{"id":6727,"date":"2018-07-06T23:19:34","date_gmt":"2018-07-06T21:19:34","guid":{"rendered":"http:\/\/d.websupport.sk\/pravdavlaske.sk\/?p=6727"},"modified":"2025-12-10T16:45:56","modified_gmt":"2025-12-10T15:45:56","slug":"predreformator-jan-hus","status":"publish","type":"post","link":"https:\/\/pravdavlaske.sk\/en\/clanky\/nazory\/predreformator-jan-hus\/","title":{"rendered":"Predreform\u00e1tor: J\u00e1n Hus"},"content":{"rendered":"<p>Na za\u010diatku svojho mn\u00ed\u0161skeho \u017eivota sa Martin Luther prehrab\u00e1val v\u00a0kope kn\u00edh, a\u017e natrafil na zv\u00e4zok k\u00e1zn\u00ed J\u00e1na Husa, \u010cecha, ktor\u00fd bol ods\u00faden\u00fd ako heretik. \u201eZostal som ohromen\u00fd \u00fa\u017easom,\u201c nap\u00edsal nesk\u00f4r Luther. \u201eNech\u00e1pal som, pre ak\u00fa pr\u00ed\u010dinu bol tento ve\u013ek\u00fd mu\u017e, ktor\u00fd vykladal P\u00edsmo s\u00a0takou z\u00e1va\u017enos\u0165ou a\u00a0zru\u010dnos\u0165ou, up\u00e1len\u00fd.\u201c<!--more--><\/p>\n<p>Hus sa stal pre Luthera a\u00a0mnoh\u00fdch \u010fal\u0161\u00edch reform\u00e1torov hrdinom, preto\u017ee k\u00e1zal k\u013e\u00fa\u010dov\u00e9 reforma\u010dn\u00e9 t\u00e9my cel\u00e9 storo\u010die pred t\u00fdm, ako Luther nap\u00edsal svojich 95 t\u00e9z. Reform\u00e1tori prihliadali aj na Husov \u017eivot, obzvl\u00e1\u0161\u0165 na jeho neochvejn\u00fa vytrvalos\u0165 tv\u00e1rou tv\u00e1r cirkevnej brutalite.<\/p>\n<p><strong>Od hl\u00fapost\u00ed k\u00a0viere<\/strong><\/p>\n<p>Hus sa narodil sedliakom v\u00a0Husinci, na juhu dne\u0161n\u00fdch \u010ciech. Aby unikol chudobe, vyu\u010dil sa za k\u0148aza: \u201ePomyslel som si, \u017ee sa stanem k\u0148azom \u010d\u00edm sk\u00f4r, aby som si zabezpe\u010dil dobr\u00e9 \u017eivobytie a\u00a0o\u0161atenie. T\u00fdm by som si z\u00edskal \u00factu u\u00a0mu\u017eov.\u201c Ukon\u010dil bakal\u00e1ra, magistra a\u00a0napokon z\u00edskal aj doktor\u00e1t.<\/p>\n<p>Bol ordinovan\u00fd v\u00a0roku 1401 a\u00a0stal sa kazate\u013eom v\u00a0pra\u017eskej Betlehemskej kaplnke, v najzn\u00e1mej\u0161om zbore v\u00a0jednom z\u00a0najv\u00e4\u010d\u0161\u00edch eur\u00f3pskych miest. Po\u010das t\u00fdchto rokov Hus pre\u0161iel zmenou. Hoci stratil nejak\u00fd \u010das s\u00a0t\u00fdm, \u010do pomenoval \u201ehl\u00fape sekt\u00e1r\u010denie\u201c, napokon objavil Bibliu: \u201eKe\u010f mi dal P\u00e1n pozna\u0165 P\u00edsma, upustil som od t\u00fdch hl\u00fapych my\u0161lienok.\u201c<\/p>\n<p>Spisy Johna Wycliffea povzbudili jeho z\u00e1ujem o\u00a0Bo\u017eie slovo a\u00a0tie ist\u00e9 spisy sp\u00f4sobili rozruch v\u00a0\u010cech\u00e1ch. Pra\u017esk\u00e1 univerzita bola u\u017e vtedy rozdelen\u00e1 medzi \u010cechov a\u00a0Nemcov a\u00a0Wycliffove u\u010denia ich rozdelili e\u0161te viac. Po\u010diato\u010dn\u00e9 debaty sa t\u00fdkali filozofick\u00fdch ot\u00e1zok. \u010cesi s\u00a0Husom v\u0161ak rozpr\u00fadili debatu o Wycliffov\u00fdch reforma\u010dn\u00fdch my\u0161lienkach. Hoci nemali v\u00a0\u00famysle pozmeni\u0165 tradi\u010dn\u00e9 doktr\u00edny, chceli da\u0165 d\u00f4raz na Bibliu, roz\u0161\u00edri\u0165 autoritu cirkevn\u00fdch koncilov a\u00a0podpori\u0165 mor\u00e1lnu reformu duchovn\u00fdch. Hus za\u010dal \u010doraz viac d\u00f4verova\u0165 P\u00edsmu: \u201eDokia\u013e d\u00fdcham, chcem sa dr\u017ea\u0165, veri\u0165 a\u00a0prehlasova\u0165 v\u0161etko, \u010do je v P\u00edsme\u00a0obsiahnut\u00e9.\u201c<\/p>\n<p>Vypukol politick\u00fd z\u00e1pas s\u00a0nemeck\u00fdmi heretick\u00fdmi wycliffovcami. Aj v\u010faka podpore \u010desk\u00e9ho kr\u00e1\u013ea mali \u010cesi navrch a\u00a0Nemci boli n\u00faten\u00ed utiec\u0165 do in\u00fdch univerz\u00edt.<\/p>\n<p>Situ\u00e1cia bola komplikovan\u00e1 aj pre eur\u00f3pskych politikov, ktor\u00ed sa prizerali, ako kres\u0165anstvu vl\u00e1dnu dvaja p\u00e1pe\u017ei. Pre vyrie\u0161enie tejto z\u00e1le\u017eitosti bol zvolan\u00fd cirkevn\u00fd koncil v\u00a0Pise v\u00a0roku 1409. Boli zosaden\u00ed obidvaja p\u00e1pe\u017ei a\u00a0zvolen\u00fd legit\u00edmny pontifik, Alexander V. Ten bol \u010doskoro \u201epresved\u010den\u00fd\u201c \u00faplatkom, aby sa priklonil na stranu \u010desk\u00fdch cirkevn\u00fdch autor\u00edt proti Husovi, ktor\u00fd pokra\u010doval v\u00a0ich kritike. Husovi bolo zak\u00e1zan\u00e9 k\u00e1za\u0165 a\u00a0bol exkomunikovan\u00fd. Av\u0161ak len \u201ena papieri\u201c. S\u00a0podporou miestnych pokra\u010doval v\u00a0k\u00e1zan\u00ed a\u00a0slu\u017ebe v\u00a0Betlehemskej kaplnke.<\/p>\n<p>Ke\u010f n\u00e1stupca Alexandra V., protip\u00e1pe\u017e J\u00e1n XXIII., schv\u00e1lil pred\u00e1vanie odpustkov, aby mohol financova\u0165 v\u00fdpravu proti jedn\u00e9mu zo svojich rivalov, Hus bol pohor\u0161en\u00fd a\u00a0pokra\u010doval v radikaliz\u00e1cii. P\u00e1pe\u017e konal nepopierate\u013ene v\u00a0sebeckom z\u00e1ujme a\u00a0Hus u\u017e \u010falej nemohol dosved\u010dova\u0165 p\u00e1pe\u017eovu mor\u00e1lnu autoritu.<\/p>\n<p>Priklonil sa preto e\u0161te viac k\u00a0Biblii, ktor\u00fa prehlasoval za kone\u010dn\u00fa autoritu pre cirkev. Hus neskor\u0161ie argumentoval, \u017ee \u010cesi boli p\u00e1pe\u017eov\u00fdmi odpustkami vykoris\u0165ovan\u00ed, \u010d\u00edm nepriamo za\u00fato\u010dil aj na \u010desk\u00e9ho kr\u00e1\u013ea, u\u00a0ktor\u00e9ho kon\u010dila \u010das\u0165 z\u00a0ich v\u00fdnosu.<\/p>\n<p><strong>Biblick\u00fd rebel<\/strong><\/p>\n<p>T\u00fdmto stratil Hus kr\u00e1\u013eovsk\u00fa podporu. Jeho preml\u010dan\u00e1 exkomunik\u00e1cia bola zrazu o\u017eiven\u00e1 a\u00a0v\u00a0Prahe bol vydan\u00fd z\u00e1kaz sa z\u00fa\u010dast\u0148ova\u0165 na Ve\u010deri P\u00e1novej alebo by\u0165 pochovan\u00fd na cirkevnej p\u00f4de tak dlho, dokia\u013e bude Hus pokra\u010dova\u0165 vo svojej slu\u017ebe. Aby u\u0161etril mesto, utiahol sa ku koncu roka 1412 na vidiek. Nasleduj\u00face dva roky sa hor\u00fa\u010dkovito venoval liter\u00e1rnym aktivit\u00e1m. Nap\u00edsal nieko\u013eko pojednan\u00ed. To najd\u00f4le\u017eitej\u0161ie,\u00a0ktor\u00e9 odoslal do Prahy k\u00a0verejn\u00e9mu \u010d\u00edtaniu, sa zaoberalo cirkvou. V\u00a0\u0148om argumentoval t\u00fdm, \u017ee neznal\u00fd a\u00a0peniaze miluj\u00faci p\u00e1pe\u017e m\u00f4\u017ee urobi\u0165 mnoho ch\u00fdb, preto rebelova\u0165 vo\u010di nemu znamen\u00e1 posl\u00facha\u0165 Krista, ktor\u00fd je jedin\u00fd pravou hlavou cirkvi.<\/p>\n<p>V\u00a0novembri 1414 za\u010dal koncil v\u00a0Kostnici a\u00a0Hus bol na neho prizvan\u00fd r\u00edmskym kr\u00e1\u013eom \u017digmundom, aby obh\u00e1jil svoje u\u010denie. Kv\u00f4li bezpe\u010dnostn\u00fdm z\u00e1ruk\u00e1m a d\u00f4le\u017eitosti koncilu napokon dorazil. Po pr\u00edchode bol v\u0161ak uv\u00e4znen\u00fd a\u00a0vo v\u00e4zen\u00ed zostal nieko\u013eko mesiacov. Namiesto vypo\u010dutia bol \u0165ahan\u00fd pred autority v\u00a0re\u0165aziach a\u00a0po\u017eadovan\u00fd, aby odvolal svoje n\u00e1zory.<\/p>\n<p>Ke\u010f pochopil, \u017ee mu nebude dan\u00fd priestor pre vysvetlenie svojich my\u0161lienok, vyhl\u00e1sil: \u201eOdvol\u00e1vam sa k\u00a0Je\u017ei\u0161ovi Kristovi, jedin\u00e9mu Sudcovi, ktor\u00fd je v\u0161emoh\u00faci a\u00a0dokonale spravodliv\u00fd. Do Jeho r\u00fak vklad\u00e1m svoj pr\u00edpad podlo\u017een\u00fd nie falo\u0161n\u00fdmi svedectvami a\u00a0chybuj\u00facimi koncilmi, ale pravdou a spravodlivos\u0165ou.\u201c Bol vzat\u00fd do svojej cely, kde ho mnoh\u00ed prosili, aby to odvolal. 6. j\u00fala 1415 ho priviedli do katedr\u00e1ly v\u00a0k\u0148azskom oble\u010den\u00ed a\u00a0k\u00fasok po k\u00fasku ho z\u00a0neho vyzliekli. Odmietol aj posledn\u00fa v\u00fdzvu na hranici, kde sa modlil takto: \u201ePane Je\u017ei\u0161u, pre Teba chcem podst\u00fapi\u0165 t\u00fato krut\u00fa smr\u0165 trpezlivo a pokorne. Pros\u00edm \u0165a, zmiluj sa nad mojimi nepriate\u013emi!\u201c Ke\u010f ho pohlcovali plamene, zomieral recitovan\u00edm \u017dalmov.<\/p>\n<p>Jeho kati pozbierali jeho popol a\u00a0vysypali ho do jazera, aby z tohto \u201eheretika\u201c ni\u010d nezostalo. Nakoniec v\u0161ak ist\u00ed \u010cesi pozbierali k\u00fasky p\u00f4dy zo zeme, kde Hus zomieral a\u00a0poslali ich do \u010ceska ako spomienku.<\/p>\n<p>\u010cesi kv\u00f4li tejto poprave z\u00farili a\u00a0koncil neuznali. Po\u010das nasleduj\u00facich rokov sa koal\u00edcia husitov, radik\u00e1lnych t\u00e1boritov a\u00a0in\u00fdch odmietla podrobi\u0165 autorite r\u00edmskeho kr\u00e1\u013ea alebo cirkvi a odrazila tri vojensk\u00e9 \u00fatoky. K\u00a0zmiereniu medzi \u010cechmi a reprezentantmi z\u00e1padn\u00e9ho kres\u0165anstva do\u0161lo pod\u013ea nimi stanoven\u00fdch podmienok. Zvy\u0161ok, ktor\u00fd tento kompromis neprijal, vytvoril Jednotu bratsk\u00fa, ktor\u00e1 sa stala z\u00e1kladom Moravsk\u00fdch bratov. T\u00ed hrali v\u00fdznamn\u00fa rolu pri obr\u00e1ten\u00ed nielen bratov Wesleyov\u00fdch.<\/p>\n<p>Prelo\u017een\u00e9 z: <a href=\"https:\/\/www.christianitytoday.com\/history\/people\/martyrs\/john-huss.html\">https:\/\/www.christianitytoday.com\/history\/people\/martyrs\/john-huss.html<\/a><\/p>","protected":false},"excerpt":{"rendered":"<p>Na za\u010diatku svojho mn\u00ed\u0161skeho \u017eivota sa Martin Luther prehrab\u00e1val v\u00a0kope kn\u00edh, a\u017e natrafil na zv\u00e4zok k\u00e1zn\u00ed J\u00e1na Husa, \u010cecha, ktor\u00fd bol ods\u00faden\u00fd ako heretik. \u201eZostal som ohromen\u00fd \u00fa\u017easom,\u201c nap\u00edsal nesk\u00f4r Luther. \u201eNech\u00e1pal som, pre ak\u00fa pr\u00ed\u010dinu bol tento ve\u013ek\u00fd mu\u017e, ktor\u00fd vykladal P\u00edsmo s\u00a0takou z\u00e1va\u017enos\u0165ou a\u00a0zru\u010dnos\u0165ou, up\u00e1len\u00fd.\u201c<\/p>","protected":false},"author":46,"featured_media":6728,"comment_status":"closed","ping_status":"closed","sticky":false,"template":"","format":"standard","meta":{"footnotes":""},"categories":[83],"tags":[179],"ppma_author":[328],"class_list":["post-6727","post","type-post","status-publish","format-standard","has-post-thumbnail","hentry","category-nazory","tag-biografia"],"authors":[{"term_id":328,"user_id":46,"is_guest":0,"slug":"christianity-today","display_name":"Christianity Today","avatar_url":"https:\/\/secure.gravatar.com\/avatar\/?s=96&d=mm&r=g","0":null,"1":"","2":"","3":"","4":"","5":"","6":"","7":"","8":""}],"_links":{"self":[{"href":"https:\/\/pravdavlaske.sk\/en\/wp-json\/wp\/v2\/posts\/6727","targetHints":{"allow":["GET"]}}],"collection":[{"href":"https:\/\/pravdavlaske.sk\/en\/wp-json\/wp\/v2\/posts"}],"about":[{"href":"https:\/\/pravdavlaske.sk\/en\/wp-json\/wp\/v2\/types\/post"}],"author":[{"embeddable":true,"href":"https:\/\/pravdavlaske.sk\/en\/wp-json\/wp\/v2\/users\/46"}],"replies":[{"embeddable":true,"href":"https:\/\/pravdavlaske.sk\/en\/wp-json\/wp\/v2\/comments?post=6727"}],"version-history":[{"count":1,"href":"https:\/\/pravdavlaske.sk\/en\/wp-json\/wp\/v2\/posts\/6727\/revisions"}],"predecessor-version":[{"id":11392,"href":"https:\/\/pravdavlaske.sk\/en\/wp-json\/wp\/v2\/posts\/6727\/revisions\/11392"}],"wp:featuredmedia":[{"embeddable":true,"href":"https:\/\/pravdavlaske.sk\/en\/wp-json\/wp\/v2\/media\/6728"}],"wp:attachment":[{"href":"https:\/\/pravdavlaske.sk\/en\/wp-json\/wp\/v2\/media?parent=6727"}],"wp:term":[{"taxonomy":"category","embeddable":true,"href":"https:\/\/pravdavlaske.sk\/en\/wp-json\/wp\/v2\/categories?post=6727"},{"taxonomy":"post_tag","embeddable":true,"href":"https:\/\/pravdavlaske.sk\/en\/wp-json\/wp\/v2\/tags?post=6727"},{"taxonomy":"author","embeddable":true,"href":"https:\/\/pravdavlaske.sk\/en\/wp-json\/wp\/v2\/ppma_author?post=6727"}],"curies":[{"name":"wp","href":"https:\/\/api.w.org\/{rel}","templated":true}]}}