{"id":6206,"date":"2018-03-13T21:45:49","date_gmt":"2018-03-13T20:45:49","guid":{"rendered":"http:\/\/d.websupport.sk\/pravdavlaske.sk\/?p=6206"},"modified":"2025-12-10T16:56:38","modified_gmt":"2025-12-10T15:56:38","slug":"ten-najdolezitejsi-cas-kedy-ist-do-zboru","status":"publish","type":"post","link":"https:\/\/pravdavlaske.sk\/en\/clanky\/nazory\/ten-najdolezitejsi-cas-kedy-ist-do-zboru\/","title":{"rendered":"Ten najd\u00f4le\u017eitej\u0161\u00ed \u010das, kedy \u00eds\u0165 do zboru"},"content":{"rendered":"<p>Ten najd\u00f4le\u017eitej\u0161\u00ed \u010das kedy by\u0165 v\u00a0zbore je vtedy, ke\u010f sa na to nec\u00edti\u0161.<\/p>\n<p>Rozpr\u00e1val som sa o\u00a0tom ned\u00e1vno s\u00a0troma kres\u0165anmi, ktor\u00ed po\u010das zlo\u017eit\u00e9ho obdobia prestali chodi\u0165 do zhroma\u017edenia Bo\u017eieho \u013eudu. Dvoch tr\u00e1pila depresia a\u00a0tret\u00ed si pre\u0161iel \u0165a\u017ek\u00fdm rozchodom. \u010ci u\u017e na t\u00fd\u017edne alebo mesiace, v\u0161etci traja sa rozhodli presta\u0165 nav\u0161tevova\u0165 svoj zbor.<!--more--><\/p>\n<p>Jeden z\u00a0nich tvrdil, \u017ee to pre neho nebude napl\u0148uj\u00face. \u010eal\u0161\u00ed, \u017ee to bude divn\u00e9, preto\u017ee net\u00fa\u017ei vidie\u0165 svoju ex. Posledn\u00fd, \u017ee mu to ni\u010d ned\u00e1 a\u00a0nem\u00e1 chu\u0165 tam u\u017e viac by\u0165. Nie som tu teraz od toho, aby som z\u013eah\u010doval ich bremen\u00e1 alebo ich odsudzoval za to, \u017ee to takto c\u00edtia. Nep\u00ed\u0161em im alebo o\u00a0nich. P\u00ed\u0161em ka\u017ed\u00e9mu kres\u0165anovi, ktor\u00fd sa mysl\u00ed, \u017ee chodenie do zhroma\u017edenia Bo\u017eieho \u013eudu bude pre neho neuspokojuj\u00face, nen\u00e1pomocn\u00e9 alebo divn\u00e9.<\/p>\n<p>P\u00ed\u0161em o\u00a0nie\u010dom, \u010do som v\u00a0istom bode povedal v\u0161etk\u00fdm trom pri na\u0161ich konverz\u00e1ci\u00e1ch:<br \/>\n<em>ten najd\u00f4le\u017eitej\u0161i \u010das, kedy by si mal by\u0165 v zbore\u00a0je ten, ke\u010f sa na to nec\u00edti\u0161<\/em>.<\/p>\n<p><strong>\u010ealeko viac ako len miesto<\/strong><\/p>\n<p>Viem, \u017ee\u00a0zbor s\u00fa \u013eudia, nie miesto. Cirkev je telo, nie budova.\u00a0Zbor je nie\u010do, \u010d\u00edm kres\u0165ania <em>s\u00fa<\/em>, nemusia za t\u00fdm <em>chodi\u0165<\/em>. Viem, \u017ee\u00a0zbor je rodina, ktor\u00e1 by sa mala stret\u00e1va\u0165, \u0161tudova\u0165, jes\u0165, priateli\u0165, modli\u0165 a\u00a0sl\u00fa\u017ei\u0165 si v\u00a0priebehu cel\u00e9ho t\u00fd\u017ed\u0148a, nielen v\u00a0nede\u013eu. Viem tieto veci a\u00a0ke\u010f u\u017e s\u00a0Bohom chod\u00ed\u0161 nejak\u00fa t\u00fa dobu, vie\u0161 ich tie\u017e.<\/p>\n<p>Taktie\u017e ale viem, \u017ee\u00a0zbor je ob\u017eivovan\u00fd pravideln\u00fdmi, rytmick\u00fdmi, usporiadan\u00fdmi zhroma\u017edeniami (\u017didom 10:24-25). Telo, ktor\u00e9 sa nikdy spolu nez\u00edde, je sk\u00f4r skladom zdravotn\u00edckych pom\u00f4cok a\u00a0rodina, ktor\u00e1 spolu nikdy nepove\u010deria, ani si nesprav\u00ed spolo\u010dn\u00fd v\u00fdlet, nebude zdravou rodinou.<\/p>\n<p>Zaiste si m\u00f4\u017ee\u0161 doma pusti\u0165 chv\u00e1ly alebo k\u00e1ze\u0148 na internete, ale tie ti nesprostredkuj\u00fa vz\u0165ahy, spolo\u010denstvo alebo Ve\u010deru P\u00e1novu. M\u00f4\u017ee\u0161 si \u010d\u00edta\u0165 Bibliu a\u00a0modli\u0165 sa iba s\u00e1m, ale potom neza\u010duje\u0161 hlas svojho pastora, ktor\u00fd \u0165a pou\u010d\u00ed, usmern\u00ed a\u00a0naprav\u00ed. \u00c1no, m\u00f4\u017ee\u0161 na ist\u00fd \u010das chodi\u0165 aj do in\u00e9ho zboru, lebo ten tvoj \u0165a pr\u00e1ve nenap\u013a\u0148a, ale takto nezaobch\u00e1dza\u0161 so svoj\u00edm zborom ako so zmluvn\u00fdm spolo\u010denstvom.<\/p>\n<p>Zmluvy sa robia kv\u00f4li zl\u00fdm \u010dasom, nie kv\u00f4li dobr\u00fdm. V\u00a0dobr\u00fdch \u010dasoch nepotrebujeme zmluvy, preto\u017ee si vysta\u010d\u00edme. Av\u0161ak zmluvn\u00e9 spolo\u010denstv\u00e1 n\u00e1s podopr\u00fa, ke\u010f sa pot\u00e1came. Pozdvihn\u00fa, ke\u010f kles\u00e1me. Povzbudia n\u00e1s, ke\u010f sme unaven\u00ed a\u00a0prebudia n\u00e1s, ke\u010f sp\u00edme. Vytiahnu n\u00e1s z\u00a0uzatvorenosti a\u00a0povolaj\u00fa do z\u00e1v\u00e4zkov a\u00a0zodpovednost\u00ed. Pozv\u00fa n\u00e1s nanovo do z\u00e1hrady kres\u0165anskej komunity, kde rastieme.<\/p>\n<p><strong>Nie je to o tebe<\/strong><\/p>\n<p>Je mi to jasn\u00e9. Chv\u00e1lova kapela si nestiahla v\u00fdber piesn\u00ed z\u00a0tvojho Spotify playlistu, pastor nemal dostatok \u010dasu ani zdrojov, aby si pripravil hypnotizuj\u00facu k\u00e1ze\u0148 spolu s\u00a0poradn\u00fdm t\u00edmom \u013eud\u00ed p\u00ed\u0161ucich prejavy pre prezidenta, zhroma\u017edenie nem\u00e1 dokonal\u00fa kombin\u00e1ciu star\u0161\u00edch, ktor\u00ed by \u0165a viedli a\u00a0mlad\u0161\u00edch, ktor\u00ed by \u0165a nakopli, zrel\u00fdch sv\u00e4t\u00fdch, ktor\u00ed by ti poradili, pohostinn\u00fdch sv\u00e4t\u00fdch, ktor\u00ed by \u0165a pozvali, priate\u013esk\u00fdch sv\u00e4t\u00fdch, ktor\u00ed by \u0165a doprev\u00e1dzali.<\/p>\n<p>Viem e\u0161te in\u00fa vec: ak tvoj zbor ver\u00ed Biblii, k\u00e1\u017ee evanjelium, praktizuje sviatosti a\u00a0sl\u00fa\u017ei, potom tvoj zbor m\u00e1 t\u00fdchto sv\u00e4t\u00fdch a\u00a0t\u00edto sv\u00e4t\u00ed s\u00fa tvojimi bratmi a\u00a0sestrami, tvojimi otcami a\u00a0mamami, tvojimi s\u00faputn\u00edkmi na ceste v pustatine, na ktorej si aj ty, na ceste von z\u00a0Egypta doprev\u00e1dzan\u00ed oblakov\u00fdm a\u00a0ohniv\u00fdm st\u013apom s\u00a0o\u010dami upret\u00fdmi na zas\u013euben\u00fa zem.<\/p>\n<p>Ako to poveda\u0165, toto naozaj nie je o\u00a0tebe.<\/p>\n<p>A\u00a0t\u00edto \u013eudia, ktor\u00fdch si tak praje\u0161, aby \u0165a sprev\u00e1dzali, starali sa o\u00a0teba a\u00a0podr\u017eali \u0165a, \u0165a potrebuj\u00fa na to ist\u00e9 (Galatsk\u00fdm 6:9-10). Ten pastor, u\u00a0ktor\u00e9ho si \u017eel\u00e1\u0161, aby bol lep\u0161\u00edm re\u010dn\u00edkom, sa mo\u017eno dne\u0161n\u00e9 r\u00e1no modl\u00ed, aby si bol lep\u0161\u00edm posluch\u00e1\u010dom (Marek 4:3-8, 14-20; Jakub 1:22-25). T\u00ed \u013eudia, ktor\u00fdch duchovn\u00e9 dary tak z\u00fafalo potrebuje\u0161, potrebuj\u00fa z\u00fafalo tvoje duchovn\u00e9 dary (Efezsk\u00fdm 4:15-16). T\u00ed \u013eudia, ktor\u00fdch priate\u013estvo pova\u017euje\u0161 za nenapl\u0148uj\u00face, nen\u00e1pomocn\u00e9 alebo divn\u00e9, nepotrebuj\u00fa tvoju kritiku, ale tvoje evanjeliov\u00e9 partnerstvo (Filipsk\u00fdm 4:2-3).<\/p>\n<p>A\u00a0tieto veci ma\u0165 nebude\u0161, ke\u010f nie si <em>pr\u00edtomn\u00fd<\/em>.<\/p>\n<p><strong>D\u00f4le\u017eit\u00e9 prostriedky milosti<\/strong><\/p>\n<p>V\u00a0ka\u017edom \u010dase a na v\u0161etk\u00fdch miestach je toto zhroma\u017edenie sv\u00e4t\u00fdch prostriedkom milosti zalo\u017eenej Bohom na pou\u010denie Jeho \u013eudu. Kres\u0165ania sa sch\u00e1dzaj\u00fa k\u00a0uctievaniu nie preto, \u017ee by to <em>mohlo<\/em> by\u0165 n\u00e1pomocn\u00e9, ak by to v\u0161etko do seba zapadlo. L\u00eddri by v\u0161etko spr\u00e1vne napl\u00e1novali, v\u0161etci sa na n\u00e1s usmiali s\u00a0najvy\u0161\u0161\u00edm stup\u0148om \u00faprimnosti, prehodili s\u00a0nami slovko a\u00a0zapojili n\u00e1s do konverz\u00e1cie, ktor\u00e1 nie je pr\u00edli\u0161 osobn\u00e1, ale ani povrchn\u00e1.<\/p>\n<p>Sch\u00e1dzame sa, preto\u017ee Boh, ktor\u00e9ho uctievame to ustanovil, ako hlavn\u00fd prostriedok, skrze ktor\u00fd dozrievame a\u00a0skrze ktor\u00fd n\u00e1s posil\u0148uje a\u00a0pote\u0161uje. Nie je to len vtedy, ke\u010f sa piesne, modlitby alebo k\u00e1zne dotkn\u00fa na\u0161ich du\u0161\u00ed pr\u00e1ve na mieste, na ktorom potrebujeme by\u0165 dotknut\u00ed. Sch\u00e1dzame sa, lebo Boh si buduje Svoj \u013eud skrze na\u0161e stretnutia v\u00a0ka\u017edom \u010dase, na ka\u017edom mieste a\u00a0nez\u00e1le\u017e\u00ed na tom, ako sa c\u00edtime. Ako z\u00e1vlaha pre zem, tak funguj\u00fa na\u0161e zhroma\u017edenia.<\/p>\n<p><strong>P\u00fdtaj si milos\u0165. Potom cho\u010f.<\/strong><\/p>\n<p>Viem, mo\u017eno sa na to v\u00a0nede\u013eu r\u00e1no nec\u00edti\u0161. Mo\u017eno sa na to nec\u00edti\u0161 u\u017e nejak\u00fa dobu. Ale \u017eiadam \u0165a, aby si d\u00f4veroval Bohu, p\u00fdtal si milos\u0165 a i\u0161iel.<\/p>\n<p>Cho\u010f, preto\u017ee\u00a0zbor sa sch\u00e1dza ka\u017ed\u00fa nede\u013eu, aby si pripomenula smr\u0165 Je\u017ei\u0161a za na\u0161e hriechy a\u00a0Jeho zmrtv\u00fdchvstanie a\u00a0to je presne to, \u010do si m\u00e1me pripomen\u00fa\u0165 a\u00a0oslavova\u0165 bez oh\u013eadu na to, \u010do sa pr\u00e1ve v\u00a0na\u0161ich \u017eivotoch deje.<\/p>\n<p>Cho\u010f, nie preto\u017ee by tvoje z\u00e1pasy neboli skuto\u010dn\u00e9, ale preto\u017ee predlo\u017een\u00fd chlieb a\u00a0v\u00edno reprezentuj\u00fa ukri\u017eovanie t\u00fdch najhor\u0161\u00edch hriechov, ktor\u00e9 si sp\u00e1chal a\u00a0t\u00fdch najhor\u0161\u00edch vec\u00ed, ktor\u00e9 si za\u017eil.<\/p>\n<p>Cho\u010f a\u00a0ako p\u00f4jde\u0161, dozrievaj. Cho\u010f a\u00a0ako p\u00f4jde\u0161, sl\u00fa\u017e. Cho\u010f a\u00a0ako p\u00f4jde\u0161, sleduj, ako d\u00e1 Boh dohromady k\u00fasky tvojho srdca a\u00a0vytvor\u00ed z\u00a0nich kr\u00e1snu mozaiku po\u010das toho, ako sv\u00e4t\u00fd zostane vern\u00fd budovaniu Bo\u017eieho diela a hovor\u00ed svojim bl\u00edzkym pravdu v\u00a0l\u00e1ske (Efezsk\u00fdm 4:15-16).<\/p>\n<p>Ten najd\u00f4le\u017eitej\u0161\u00ed \u010das, kedy by\u0165 v\u00a0zbore je vtedy, ke\u010f sa na to nec\u00edti\u0161. Pros\u00edm v\u00e1s, bratia a\u00a0sestry, cho\u010fte.<\/p>\n<p><em>David Gundersen\u00a0 \u00a0\u00a0<\/em><\/p>\n<p>Prelo\u017een\u00e9 z:\u00a0<a href=\"https:\/\/www.thegospelcoalition.org\/article\/most-important-time-to-go-to-church\/\">https:\/\/www.thegospelcoalition.org\/article\/most-important-time-to-go-to-church\/<\/a><\/p>","protected":false},"excerpt":{"rendered":"<p>Ten najd\u00f4le\u017eitej\u0161\u00ed \u010das kedy by\u0165 v\u00a0zbore je vtedy, ke\u010f sa na to nec\u00edti\u0161. Rozpr\u00e1val som sa o\u00a0tom ned\u00e1vno s\u00a0troma kres\u0165anmi, ktor\u00ed po\u010das zlo\u017eit\u00e9ho obdobia prestali chodi\u0165 do zhroma\u017edenia Bo\u017eieho \u013eudu. Dvoch tr\u00e1pila depresia a\u00a0tret\u00ed si pre\u0161iel \u0165a\u017ek\u00fdm rozchodom. \u010ci u\u017e na t\u00fd\u017edne alebo mesiace, v\u0161etci traja sa rozhodli presta\u0165 nav\u0161tevova\u0165 svoj zbor.<\/p>","protected":false},"author":51,"featured_media":6211,"comment_status":"closed","ping_status":"closed","sticky":false,"template":"","format":"standard","meta":{"footnotes":""},"categories":[83],"tags":[132],"ppma_author":[333],"class_list":["post-6206","post","type-post","status-publish","format-standard","has-post-thumbnail","hentry","category-nazory","tag-krestansky-zivot"],"authors":[{"term_id":333,"user_id":51,"is_guest":0,"slug":"david-gundersen","display_name":"David Gundersen","avatar_url":"https:\/\/secure.gravatar.com\/avatar\/?s=96&d=mm&r=g","0":null,"1":"","2":"","3":"","4":"","5":"","6":"","7":"","8":""}],"_links":{"self":[{"href":"https:\/\/pravdavlaske.sk\/en\/wp-json\/wp\/v2\/posts\/6206","targetHints":{"allow":["GET"]}}],"collection":[{"href":"https:\/\/pravdavlaske.sk\/en\/wp-json\/wp\/v2\/posts"}],"about":[{"href":"https:\/\/pravdavlaske.sk\/en\/wp-json\/wp\/v2\/types\/post"}],"author":[{"embeddable":true,"href":"https:\/\/pravdavlaske.sk\/en\/wp-json\/wp\/v2\/users\/51"}],"replies":[{"embeddable":true,"href":"https:\/\/pravdavlaske.sk\/en\/wp-json\/wp\/v2\/comments?post=6206"}],"version-history":[{"count":1,"href":"https:\/\/pravdavlaske.sk\/en\/wp-json\/wp\/v2\/posts\/6206\/revisions"}],"predecessor-version":[{"id":11402,"href":"https:\/\/pravdavlaske.sk\/en\/wp-json\/wp\/v2\/posts\/6206\/revisions\/11402"}],"wp:featuredmedia":[{"embeddable":true,"href":"https:\/\/pravdavlaske.sk\/en\/wp-json\/wp\/v2\/media\/6211"}],"wp:attachment":[{"href":"https:\/\/pravdavlaske.sk\/en\/wp-json\/wp\/v2\/media?parent=6206"}],"wp:term":[{"taxonomy":"category","embeddable":true,"href":"https:\/\/pravdavlaske.sk\/en\/wp-json\/wp\/v2\/categories?post=6206"},{"taxonomy":"post_tag","embeddable":true,"href":"https:\/\/pravdavlaske.sk\/en\/wp-json\/wp\/v2\/tags?post=6206"},{"taxonomy":"author","embeddable":true,"href":"https:\/\/pravdavlaske.sk\/en\/wp-json\/wp\/v2\/ppma_author?post=6206"}],"curies":[{"name":"wp","href":"https:\/\/api.w.org\/{rel}","templated":true}]}}