{"id":5689,"date":"2017-12-11T19:37:46","date_gmt":"2017-12-11T18:37:46","guid":{"rendered":"http:\/\/d.websupport.sk\/pravdavlaske.sk\/?p=5689"},"modified":"2025-12-11T13:34:40","modified_gmt":"2025-12-11T12:34:40","slug":"su-sucastou-vasho-vianocneho-stromceka-klamstva","status":"publish","type":"post","link":"https:\/\/pravdavlaske.sk\/en\/clanky\/nazory\/su-sucastou-vasho-vianocneho-stromceka-klamstva\/","title":{"rendered":"S\u00fa s\u00fa\u010das\u0165ou v\u00e1\u0161ho viano\u010dn\u00e9ho strom\u010deka klamstv\u00e1?"},"content":{"rendered":"<p>Moja rodina milovala t\u00fa chv\u00ed\u013eu, ke\u010f sme sedeli v\u00a0tme pred svetlom strom\u010deka.<\/p>\n<p>Ka\u017ed\u00fd rok moje deti dobiedzali s\u00a0ot\u00e1zkou: \u201eKedy to u\u017e bude?\u201c Dohadovali sa medzi sebou, ak\u00fd vysok\u00fd bude strom\u010dek. Nalo\u017eili sme ich do auta a\u00a0i\u0161li sme na miesto, na ktor\u00e9 sme v\u017edy chodili vybra\u0165 n\u00e1\u0161 rodinn\u00fd viano\u010dn\u00fd strom\u010dek. <!--more-->Po zv\u00e1\u017een\u00ed v\u0161etk\u00fdch n\u00e1zorov sme sa rozhodli, priviazali sme strom\u010dek na strechu n\u00e1\u0161ho auta a\u00a0odi\u0161li sme domov. V\u00a0ten ve\u010der sme spolo\u010dne ako rodina strom\u010dek ozdobili. A\u00a0potom, ke\u010f u\u017e strom\u010dek pekne \u017eiaril, zhasli sme v\u0161etky svetl\u00e1, ohromen\u00ed t\u00fdm, ako n\u00e1\u0161 strom\u010dek jasne svietil v\u00a0tme.<\/p>\n<p>Milujem tak\u00e9to chv\u00edle, preto\u017ee si mysl\u00edm, \u017ee ako veriaci by sme mali by\u0165 komunitou na zemi, ktor\u00e1 najviac oslavuje. Vieme o\u00a0v\u0161etk\u00fdch t\u00fdch dobr\u00fdch veciach, z ktor\u00fdch sa radujeme a\u00a0ktor\u00e9 cel\u00e1 rodina miluje, ktor\u00e9 za\u017e\u00edvame, \u017ee s\u00fa to mil\u00e9 a\u00a0nezasl\u00fa\u017een\u00e9 dary od n\u00e1\u0161ho nebesk\u00e9ho Otca. A bol by som r\u00e1d, aby sme si pripom\u00ednali (a\u00a0pom\u00e1hali svojim de\u0165om si pripom\u00edna\u0165), \u017ee hoci s\u00fa tieto \u00fa\u017easn\u00e9 sviatky o\u00a0strome, nie s\u00fa o\u00a0tom n\u00e1dhernom strom\u010deku vo va\u0161ej ob\u00fdva\u010dke, ktor\u00fd ste tak kr\u00e1sne vyzdobili.<\/p>\n<p><strong>In\u00fd druh stromu<\/strong><\/p>\n<p>Od chv\u00edle, ke\u010f sa to b\u00e1b\u00e4tko v jasli\u010dk\u00e1ch po prv\u00fd raz nad\u00fdchlo, kr\u00e1\u010dalo smerom k\u00a0 stromu. Nebol to strom kr\u00e1sny, sl\u00e1vnostn\u00fd strom, ale obetn\u00fd strom smrti. Nest\u00e1l ako s\u00fa\u010das\u0165 trad\u00edcie ur\u010dit\u00e9ho obdobia v\u00a0niektorom dome, ale mimo hradieb mesta na kopci, kde sa popravovalo. Toto die\u0165atko nebude st\u00e1\u0165 pred svoj\u00edm stromom a\u00a0usmieva\u0165 sa nad jeho kr\u00e1sou, ale bude na \u0148om umu\u010den\u00e9, na tento strom bude pribit\u00e9 medzi trestancami. Tento\u00a0 strom na kopci nebude znakom ur\u010dit\u00e9ho obdobia, ale n\u00e1strojom ods\u00fadenia. Na tomto kopci, ktor\u00fd zdanlivo vyzer\u00fd bezn\u00e1dejne, d\u00e1 tento strom smrti \u017eivot a\u00a0n\u00e1dej \u013eudstvu.<\/p>\n<p>Toto adventn\u00e9 obdobie rozpr\u00e1va pr\u00edbeh, ktor\u00fd v\u00e1m vyraz\u00ed dych. Je to pr\u00edbeh o\u00a0potrebe, ktor\u00fa nemohol naplni\u0165 nikto in\u00fd, o\u00a0sl\u00e1vnom vtelen\u00ed, o\u00a0z\u00e1stupnom \u017eivote, o\u00a0obeti zmierenia a\u00a0o\u00a0v\u00ed\u0165aznom vzkriesen\u00ed. Iba Boh mohol nap\u00edsa\u0165 tak\u00fdto pr\u00edbeh a\u00a0iba Boh mohol t\u00fato z\u00e1pletku vyrie\u0161i\u0165. Tento pr\u00edbeh by n\u00e1s mal udivi\u0165, pokori\u0165, uchv\u00e1ti\u0165, zachr\u00e1ni\u0165, premeni\u0165 a\u00a0zapr\u00ed\u010dini\u0165, aby sme \u017eili v\u00a0\u00facte pred N\u00edm v\u00a0radostnom uctievan\u00ed. Jedine tento pr\u00edbeh d\u00e1va zmysel va\u0161ej toto\u017enosti a\u00a0nap\u013a\u0148a va\u0161u skuto\u010dn\u00fa potrebu. Tento pr\u00edbeh n\u00e1m zjavuje, kde m\u00f4\u017eeme n\u00e1js\u0165 n\u00e1dej a\u00a0poukazuje na zmysel a\u00a0\u00fa\u010del na\u0161ej existencie.<\/p>\n<p><strong>Nepravdiv\u00fd adventn\u00fd pr\u00edbeh<\/strong><\/p>\n<p>Nem\u00e1m probl\u00e9m s\u00a0pr\u00edbehmi tohto obdobia: o\u00a0saniach, snehuliakoch, dar\u010dekoch a\u00a0kol\u00e1\u010dikoch. Nie som ani proti spievaniu nezmyseln\u00fdch pesni\u010diek. Znepokojuje ma, \u017ee v\u00a0obdob\u00ed adventu opakovane hovor\u00edme svojim de\u0165om nepravdiv\u00fd pr\u00edbeh.<\/p>\n<p>Toto nepravdiv\u00e9 rozpr\u00e1vanie viano\u010dn\u00e9ho pr\u00edbehu d\u00e1va do stredu pozornosti \u013eudsk\u00e9 pote\u0161enie. Hovor\u00ed na\u0161im de\u0165om, aby h\u013eadali \u017eivot v\u00a0stvoren\u00ed namiesto h\u013eadania Stvorite\u013ea. Hovor\u00ed im klamstv\u00e1 o\u00a0tom, kto s\u00fa, a\u00a0o\u00a0tom, \u010do potrebuj\u00fa. T\u00fdmito nepravdiv\u00fdmi pr\u00edbehmi im predstavujeme svet, ktor\u00fd nepotrebuje \u017eiaden strom, na ktorom sa priniesla obe\u0165, \u017eiadneho Mesi\u00e1\u0161a \u2013 Bar\u00e1nka, \u017eiadne \u017eivot d\u00e1vaj\u00face vzkriesenie.<\/p>\n<p>Tento falo\u0161n\u00fd pr\u00edbeh zab\u00fada na to, \u017ee svet, v\u00a0ktorom na\u0161e deti \u017eij\u00fa, je \u00faboh\u00fd, skazen\u00fd a\u00a0zdrven\u00fd, \u017ee vzdych\u00e1 a\u00a0\u010dak\u00e1 na vyk\u00fapenie (Rimanom 8:22-23). Tento klamliv\u00fd viano\u010dn\u00fd pr\u00edbeh zab\u00fada na\u0161im de\u0165om poveda\u0165, \u017ee s\u00fa vo v\u00e1\u017enom nebezpe\u010denstve oh\u013eadom hriechu, ktor\u00fd \u017eije v\u00a0ich vn\u00fatri. A\u00a0istotne im ani nehovor\u00ed, \u017ee boli stvoren\u00e9 k tomu, aby sa vedome rozhodli podriadi\u0165 svoj \u017eivot v\u00e4\u010d\u0161\u00edm z\u00e1merom,\u00a0pl\u00e1nom a\u00a0Bo\u017eej sl\u00e1ve.<\/p>\n<p><strong>Advent je darom pre rodi\u010dov<\/strong><\/p>\n<p>Obdobie adventu je darom pre v\u00e1s, kres\u0165ansk\u00ed rodi\u010dia, preto\u017ee v\u00e1m d\u00e1va pr\u00edle\u017eitos\u0165 zamera\u0165 sa na to, aby ste povedali svojim de\u0165om o\u00a0t\u00fdch najhlb\u0161\u00edch a\u00a0najd\u00f4le\u017eitej\u0161\u00edch veciach samotn\u00e9ho \u017eivota. V\u0161etky ot\u00e1zky, ktor\u00e9 toto obdobie kladie, si bud\u00fa d\u00e1va\u0165 aj va\u0161e deti a\u00a0ur\u010dit\u00fdm sp\u00f4sobom si na ne aj odpovedia:<\/p>\n<p>O\u00a0\u010dom je toto obdobie? Pre\u010do musel P\u00e1n Je\u017ei\u0161 pr\u00eds\u0165? \u010co potrebujem? Ako sa tieto moje potreby naplnia? Kto som a\u00a0o\u00a0\u010dom je m\u00f4j \u017eivot? Ako by som mal \u017ei\u0165?<\/p>\n<p>Na tieto ot\u00e1zky (a na\u00a0mnoh\u00e9 \u010fal\u0161ie) odpoved\u00e1 z\u00e1zrak vtelenia P\u00e1na Je\u017ei\u0161a Krista. Je to pr\u00edbeh, ktor\u00fd vysvet\u013euje v\u0161etky ostatn\u00e9 pr\u00edbehy: je to jedin\u00fd pr\u00edbeh, ktor\u00fd obsahuje\u00a0 zas\u013e\u00fabenie skuto\u010dn\u00e9ho \u017eivota a skuto\u010dnej\u00a0n\u00e1deje pre na\u0161e deti.<\/p>\n<p><strong>Rozpr\u00e1vajte im ten pr\u00edbeh znovu a\u00a0znovu<\/strong><\/p>\n<p>Rodi\u010dia, za\u010dnite pripravova\u0165 svoje deti na advent sk\u00f4r, preto\u017ee sa bud\u00fa \u010dasto stret\u00e1va\u0165 s\u00a0nepravdiv\u00fdmi pr\u00edbehmi, o\u00a0\u010dom toto obdobie roka je. Rozpr\u00e1vajte im pr\u00edbeh o\u00a0P\u00e1novi Je\u017ei\u0161ovi znovu a\u00a0znovu. Povedzte im t\u00fa zl\u00fa spr\u00e1vu, pre\u010do musel pr\u00eds\u0165: preto\u017ee iba vtedy porozumej\u00fa, \u010do pre nich Jeho pr\u00edchod znamen\u00e1 a\u00a0\u010do vlastne maj\u00fa oslavova\u0165. Povedzte im, \u017ee ten najlep\u0161\u00ed dar, ktor\u00fd kedy niekto dal, bol dar P\u00e1na Je\u017ei\u0161a, preto\u017ee v\u00a0tomto dare sme dostali v\u0161etko, \u010do potrebujeme.<\/p>\n<p>Hovorte po\u010das adventu o\u00a0strome. Ale nie o\u00a0tom strome, ktor\u00fd je vo va\u0161ej ob\u00fdva\u010dke. Rozpr\u00e1vajte sa s\u00a0nimi o\u00a0tom, \u017ee toto b\u00e1b\u00e4tko v\u00a0jasli\u010dk\u00e1ch nepri\u0161lo preto, aby ozdobilo strom\u010dek, ale aby na \u0148om viselo, aby aj ony mohli by\u0165 spasen\u00e9. Pripome\u0148te im, \u017ee vo svete temn\u00e9ho od hriechu tento strom obete a\u00a0spasenia \u017eiari ako svetlo ve\u010dnej n\u00e1deje, ktor\u00e9 nikdy, nikdy nezhasne.<\/p>\n<p><em>Paul David Tripp<\/em><\/p>\n<p>Prelo\u017een\u00e9 z: <a href=\"https:\/\/www.desiringgod.org\/articles\/are-there-lies-in-your-christmas-tree\">https:\/\/www.desiringgod.org\/articles\/are-there-lies-in-your-christmas-tree<\/a><\/p>","protected":false},"excerpt":{"rendered":"<p>Moja rodina milovala t\u00fa chv\u00ed\u013eu, ke\u010f sme sedeli v\u00a0tme pred svetlom strom\u010deka. Ka\u017ed\u00fd rok moje deti dobiedzali s\u00a0ot\u00e1zkou: \u201eKedy to u\u017e bude?\u201c Dohadovali sa medzi sebou, ak\u00fd vysok\u00fd bude strom\u010dek. Nalo\u017eili sme ich do auta a\u00a0i\u0161li sme na miesto, na ktor\u00e9 sme v\u017edy chodili vybra\u0165 n\u00e1\u0161 rodinn\u00fd viano\u010dn\u00fd strom\u010dek.<\/p>","protected":false},"author":60,"featured_media":5690,"comment_status":"closed","ping_status":"closed","sticky":false,"template":"","format":"standard","meta":{"footnotes":""},"categories":[83],"tags":[138],"ppma_author":[342],"class_list":["post-5689","post","type-post","status-publish","format-standard","has-post-thumbnail","hentry","category-nazory","tag-rodinny-zivot"],"authors":[{"term_id":342,"user_id":60,"is_guest":0,"slug":"paul-david-tripp","display_name":"Paul David Tripp","avatar_url":"https:\/\/secure.gravatar.com\/avatar\/?s=96&d=mm&r=g","0":null,"1":"","2":"","3":"","4":"","5":"","6":"","7":"","8":""}],"_links":{"self":[{"href":"https:\/\/pravdavlaske.sk\/en\/wp-json\/wp\/v2\/posts\/5689","targetHints":{"allow":["GET"]}}],"collection":[{"href":"https:\/\/pravdavlaske.sk\/en\/wp-json\/wp\/v2\/posts"}],"about":[{"href":"https:\/\/pravdavlaske.sk\/en\/wp-json\/wp\/v2\/types\/post"}],"author":[{"embeddable":true,"href":"https:\/\/pravdavlaske.sk\/en\/wp-json\/wp\/v2\/users\/60"}],"replies":[{"embeddable":true,"href":"https:\/\/pravdavlaske.sk\/en\/wp-json\/wp\/v2\/comments?post=5689"}],"version-history":[{"count":1,"href":"https:\/\/pravdavlaske.sk\/en\/wp-json\/wp\/v2\/posts\/5689\/revisions"}],"predecessor-version":[{"id":11417,"href":"https:\/\/pravdavlaske.sk\/en\/wp-json\/wp\/v2\/posts\/5689\/revisions\/11417"}],"wp:featuredmedia":[{"embeddable":true,"href":"https:\/\/pravdavlaske.sk\/en\/wp-json\/wp\/v2\/media\/5690"}],"wp:attachment":[{"href":"https:\/\/pravdavlaske.sk\/en\/wp-json\/wp\/v2\/media?parent=5689"}],"wp:term":[{"taxonomy":"category","embeddable":true,"href":"https:\/\/pravdavlaske.sk\/en\/wp-json\/wp\/v2\/categories?post=5689"},{"taxonomy":"post_tag","embeddable":true,"href":"https:\/\/pravdavlaske.sk\/en\/wp-json\/wp\/v2\/tags?post=5689"},{"taxonomy":"author","embeddable":true,"href":"https:\/\/pravdavlaske.sk\/en\/wp-json\/wp\/v2\/ppma_author?post=5689"}],"curies":[{"name":"wp","href":"https:\/\/api.w.org\/{rel}","templated":true}]}}