{"id":3813,"date":"2017-01-09T22:17:55","date_gmt":"2017-01-09T21:17:55","guid":{"rendered":"https:\/\/pravdavlaske.sk\/?p=3813"},"modified":"2025-12-11T13:59:40","modified_gmt":"2025-12-11T12:59:40","slug":"duch-svaty","status":"publish","type":"post","link":"https:\/\/pravdavlaske.sk\/en\/clanky\/biblicke-hodiny\/duch-svaty\/","title":{"rendered":"Duch Sv\u00e4t\u00fd"},"content":{"rendered":"<p><strong>1. Duch Sv\u00e4t\u00fd je osoba<\/strong><\/p>\n<p>Najd\u00f4le\u017eitej\u0161ia pas\u00e1\u017e, ktor\u00e1 to podporuje je J\u00e1n 14:16-17. Aspo\u0148 3 veci v\u00a0tejto kapitole potvrdzuj\u00fa, \u017ee Je\u017ei\u0161 rozm\u00fd\u0161\u013ea o\u00a0Duchu Sv\u00e4tom ako o\u00a0osobe a\u00a0nie iba ako o\u00a0sile.<\/p>\n<p><!--more--><\/p>\n<ul>\n<li>Je\u017ei\u0161 ho naz\u00fdva \u201ein\u00fdm Radcom\u201c v\u00a014:16, \u201e<em>A ja budem prosi\u0165 Otca, a d\u00e1 v\u00e1m in\u00e9ho Radcu, aby bol s vami a\u017e naveky &#8211; Ducha pravdy<\/em>\u201c (14:26; 15:26; 16:7). Ke\u010f ho Je\u017ei\u0161 naz\u00fdva Radca alebo Te\u0161ite\u013e, jedn\u00e1 s\u00a0Nim ako s\u00a0osobou, nie ako silou. A\u00a0ke\u010f ho naz\u00fdva \u201ein\u00fdm Radcom,\u201c mysl\u00ed t\u00fdm, \u201eBude tak\u00fdm Radcom ako som ja.\u201c Duch Sv\u00e4t\u00fd je Radcom ako Je\u017ei\u0161 \u2013 je osobou.<\/li>\n<\/ul>\n<ul>\n<li>V\u00a0J 14:17, Je\u017ei\u0161 hovor\u00ed, \u201e<em>Vy Ho pozn\u00e1te, preto\u017ee pri v\u00e1s ost\u00e1va a bude vo v\u00e1s.<\/em>\u201c Potom vo ver\u0161i 25 vrav\u00ed, \u201e<em>Toto som v\u00e1m povedal, ke\u010f som bol s vami.<\/em>\u201c Je\u017ei\u0161 tu prirovn\u00e1va Ducha k\u00a0sebe sam\u00e9mu a\u00a0v\u00a0podstate vrav\u00ed, \u201eSom tu s\u00a0vami a\u00a0potom bude s\u00a0vami Duch.\u201c \u201eTeraz ma pozn\u00e1te ako telo a\u00a0krv Syna Bo\u017eieho. \u010coskoro ma spozn\u00e1te skrze Ducha, ktor\u00fd v\u00e1m bude dan\u00fd.\u201c Preto nie je Duch o\u00a0ni\u010d men\u0161ia osoba ako Je\u017ei\u0161.<\/li>\n<\/ul>\n<ul>\n<li>Duch Sv\u00e4t\u00fd je pop\u00edsan\u00fd nielen ako hlas Bo\u017eieho u\u010denia, ale ako samostatn\u00fd u\u010dite\u013e. J\u00e1n 14:26 \u201e<em>Ale Radca, ten Duch Sv\u00e4t\u00fd, ktor\u00e9ho po\u0161le Otec v mojom mene, Ten v\u00e1s nau\u010d\u00ed v\u0161etk\u00e9mu a pripomenie v\u00e1m v\u0161etko, \u010do som v\u00e1m hovoril.<\/em>\u201c A\u00a0v\u00a015:26 je samostatn\u00fdm svedkom, \u201e<em>Ke\u010f v\u0161ak pr\u00edde Radca, ktor\u00e9ho v\u00e1m ja po\u0161lem od Otca, bude sved\u010di\u0165 o\u00a0mne.<\/em>\u201c V\u00a0pr\u00edpade, \u017ee si st\u00e1le mysl\u00edme, \u017ee Duch je iba roz\u0161\u00edren\u00e1 vyu\u010duj\u00faca p\u00f4sobnos\u0165 Otca a\u00a0Syna \u2013 J\u00e1n 16:13 hovor\u00ed, \u017ee Duch najprv po\u010duje a\u00a0a\u017e potom vyu\u010duje: \u201e<em>Ke\u010f v\u0161ak pr\u00edde On, Duch pravdy, uvedie v\u00e1s do v\u0161etkej pravdy, lebo nebude hovori\u0165 s\u00e1m od seba, ale bude hovori\u0165, \u010do po\u010duje;<\/em>\u201c Duch sa spr\u00e1va nie ako sila alebo vplyv alebo \u010dinnos\u0165 inej osoby, ale ako samostatn\u00e1 osoba, po\u010duj\u00faca od Otca a\u00a0Syna a\u00a0vyu\u010duj\u00faca a\u00a0nes\u00faca svedectvo k\u00a0\u010dloveku.<\/li>\n<\/ul>\n<p>Prinesie v\u00e1m to obrovsk\u00fd \u00fa\u017eitok vo va\u0161ich \u017eivotoch, ak budete veri\u0165, \u017ee vo v\u00e1s preb\u00fdva, vedie v\u00e1s a\u00a0o\u010dis\u0165uje nie neosobn\u00e1 sila od vzdialen\u00e9ho Boha, ale osoba, ktor\u00e1 je svojou podstatou l\u00e1ska Bo\u017eia (Rim 5:5; 1 J 4:12-13).<\/p>\n<p><strong>2. Duch Sv\u00e4t\u00fd je Boh<\/strong><\/p>\n<p>Osoba, ktor\u00e1 v\u00a0n\u00e1s preb\u00fdva a\u00a0vedie a\u00a0o\u010dis\u0165uje nie je nikto in\u00fd ako Boh, Duch Sv\u00e4t\u00fd. Jednoduch\u00fdm d\u00f4kazom pre toto tvrdenie je \u010dast\u00e9 ozna\u010denie \u201eDuch Bo\u017e\u00ed\u201c. Duch je Bo\u017e\u00ed nie preto, \u017ee Ho Boh stvoril, ale preto\u017ee zdie\u013ea Bo\u017eiu prirodzenos\u0165 vych\u00e1dzaj\u00facu z\u00a0Boha (1. Kor 2:10-12). Ke\u010f je Syn od po\u010diatku s\u00a0Otcom (J 1:1-3), tak aj Duch Sv\u00e4t\u00fd mus\u00ed by\u0165 od po\u010diatku s\u00a0Nimi oboma. Preto\u017ee pod\u013ea Rim 8:9-11 je Duch Krista ten ist\u00fd ako Duch Bo\u017e\u00ed. Ak by to neplatilo, potom by sme si mohli predstavi\u0165 \u010das, kedy Syn nemal Ducha alebo Otec nemal Ducha. Duch Sv\u00e4t\u00fd je nevyhnutnos\u0165ou pre vz\u0165ah medzi Otcom a\u00a0Synom.<\/p>\n<p>&nbsp;<\/p>\n<table width=\"634\">\n<tbody>\n<tr>\n<td width=\"209\"><\/td>\n<td width=\"156\"><strong>Otec<\/strong><\/td>\n<td width=\"128\"><strong>Syn<\/strong><\/td>\n<td width=\"141\"><strong>Duch Sv\u00e4t\u00fd<\/strong><\/td>\n<\/tr>\n<tr>\n<td width=\"209\">je Boh<\/td>\n<td width=\"156\">F 1:2; Deut 32:6<\/td>\n<td width=\"128\">J 1:1, 14; Kol 2:9<\/td>\n<td width=\"141\">Sk 5:3-4; Mt 12:28<\/td>\n<\/tr>\n<tr>\n<td width=\"209\">je Stvorite\u013e<\/td>\n<td width=\"156\">Iz 64:8<\/td>\n<td width=\"128\">J 1:3, Kol 1:15-17<\/td>\n<td width=\"141\">J\u00f3b 33:4<\/td>\n<\/tr>\n<tr>\n<td width=\"209\">v\u0161adepr\u00edtomn\u00fd<\/td>\n<td width=\"156\">1 K 8:27<\/td>\n<td width=\"128\">Mt 28:20<\/td>\n<td width=\"141\">\u017d 139:7-10<\/td>\n<\/tr>\n<tr>\n<td width=\"209\">v\u0161eved\u00faci<\/td>\n<td width=\"156\">1 J 3:20<\/td>\n<td width=\"128\">J 16:30; 21:17<\/td>\n<td width=\"141\">1 Kor 2:10-11<\/td>\n<\/tr>\n<tr>\n<td width=\"209\">ve\u010dn\u00fd<\/td>\n<td width=\"156\">\u017d 90:2<\/td>\n<td width=\"128\">Mich 5:1-2<\/td>\n<td width=\"141\">\u017did 9:14<\/td>\n<\/tr>\n<tr>\n<td width=\"209\">sv\u00e4t\u00fd<\/td>\n<td width=\"156\">Lev 19:2; Hab 1:12-13<\/td>\n<td width=\"128\">Mk 1:24; Zj 3:7<\/td>\n<td width=\"141\">Lk 11:13; Rim 1:4<\/td>\n<\/tr>\n<tr>\n<td width=\"209\">sl\u00e1vny<\/td>\n<td width=\"156\">\u017d 29:3; 84:11; J\u00f3b 37:22<\/td>\n<td width=\"128\">Lk 9:43; 2 Kor 4:4<\/td>\n<td width=\"141\">2 Kor 3:8; 1 Pt 4:14<\/td>\n<\/tr>\n<tr>\n<td width=\"209\">pravda<\/td>\n<td width=\"156\">Num 23:19; Iz 65:16<\/td>\n<td width=\"128\">Jn 14:6; Zj 3:7<\/td>\n<td width=\"141\">Jn 14:17<\/td>\n<\/tr>\n<tr>\n<td width=\"209\">o\u017eivuje<\/td>\n<td width=\"156\">1 Tes 1:10<\/td>\n<td width=\"128\">J 2:19, 10:17<\/td>\n<td width=\"141\">Rim 8:11; 2 Kor 3:6<\/td>\n<\/tr>\n<tr>\n<td width=\"209\">miluje<\/td>\n<td width=\"156\">J 3:16<\/td>\n<td width=\"128\">Ef 5:25<\/td>\n<td width=\"141\">Rim 15:30<\/td>\n<\/tr>\n<tr>\n<td width=\"209\">preb\u00fdva v \u013eu\u010foch<\/td>\n<td width=\"156\">2 Kor 6:16<\/td>\n<td width=\"128\">Kol 1:27<\/td>\n<td width=\"141\">J 14:17<\/td>\n<\/tr>\n<tr>\n<td width=\"209\">posv\u00e4cuje<\/td>\n<td width=\"156\">1 Tes 5:23<\/td>\n<td width=\"128\">\u017did 2:11<\/td>\n<td width=\"141\">1 Pt 1:2<\/td>\n<\/tr>\n<tr>\n<td width=\"209\">m\u00e1 s nami spolo\u010denstvo<\/td>\n<td width=\"156\">1 J 1:3<\/td>\n<td width=\"128\">1 Kor 1:9<\/td>\n<td width=\"141\">2 Kor 13:13; F 2:1<\/td>\n<\/tr>\n<tr>\n<td width=\"209\">m\u00e1 vlastn\u00fa v\u00f4\u013eu<\/td>\n<td width=\"156\">L 22:42<\/td>\n<td width=\"128\">L 22:42<\/td>\n<td width=\"141\">1 Kor 12:11<\/td>\n<\/tr>\n<tr>\n<td width=\"209\">hovor\u00ed<\/td>\n<td width=\"156\">Mt 3:17; L 9:25<\/td>\n<td width=\"128\">L 5:20; 7:48<\/td>\n<td width=\"141\">Sk 8:29; 11:12; 13:2<\/td>\n<\/tr>\n<tr>\n<td width=\"209\">je\/d\u00e1va rados\u0165<\/td>\n<td width=\"156\">Rim 15:13<\/td>\n<td width=\"128\">J 15:11<\/td>\n<td width=\"141\">1 Tes 1:6<\/td>\n<\/tr>\n<tr>\n<td width=\"209\">dobr\u00fd<\/td>\n<td width=\"156\">Deut 8:16; \u017d 118:1<\/td>\n<td width=\"128\">J 10:11<\/td>\n<td width=\"141\">\u017d 143:10; Neh 9:20<\/td>\n<\/tr>\n<tr>\n<td width=\"209\">je\/d\u00e1va n\u00e1dej<\/td>\n<td width=\"156\">Rim 15:13<\/td>\n<td width=\"128\">1 Tim 1:1<\/td>\n<td width=\"141\">Rim 15:13<\/td>\n<\/tr>\n<tr>\n<td width=\"209\">Svedok<\/td>\n<td width=\"156\">F 1:8<\/td>\n<td width=\"128\">Zj 1:5<\/td>\n<td width=\"141\">Sk 5:32<\/td>\n<\/tr>\n<tr>\n<td width=\"209\">zarmucuje sa<\/td>\n<td width=\"156\">Gen 6:6<\/td>\n<td width=\"128\">Mt 26:38; Mk 3:5<\/td>\n<td width=\"141\">Iz 63:10; Ef 4:30<\/td>\n<\/tr>\n<tr>\n<td width=\"209\">vysmievan\u00fd<\/td>\n<td width=\"156\">2 Kron 32:17<\/td>\n<td width=\"128\">Mt 27:44<\/td>\n<td width=\"141\">\u017did 10:29<\/td>\n<\/tr>\n<tr>\n<td width=\"209\">\u013eudia sa mu r\u00fahaj\u00fa<\/td>\n<td width=\"156\">Zj 16:11<\/td>\n<td width=\"128\">Lk 22:65<\/td>\n<td width=\"141\">Mt 12:31<\/td>\n<\/tr>\n<\/tbody>\n<\/table>\n<p>&nbsp;<\/p>\n<p><strong>Vyliatie Ducha Bo\u017eieho<\/strong><\/p>\n<p>Joel 3:1-5 \u201e<em>Potom vylejem svojho Ducha na ka\u017ed\u00e9 telo a va\u0161i synovia a va\u0161e dc\u00e9ry bud\u00fa prorokova\u0165. Va\u0161i starci bud\u00fa m\u00e1va\u0165 sny, va\u0161i ml\u00e1denci videnia bud\u00fa v\u00edda\u0165. Aj na otrokov a otrokyne vylejem v t\u00fdch d\u0148och svojho Ducha. A d\u00e1m znamenia na nebi i na zemi, krv a ohe\u0148 a st\u013apy dymu. Slnko sa zmen\u00ed na tmu a mesiac na krv sk\u00f4r, ako pr\u00edde ve\u013ek\u00fd a hrozn\u00fd de\u0148 Hospodinov. A ka\u017ed\u00fd, kto vz\u00fdva Jeho meno, bude zachr\u00e1nen\u00fd, lebo na vrchu Sion a v Jeruzaleme bude z\u00e1chrana, ako zas\u013e\u00fabil Hospodin, a medzi vysloboden\u00fdmi bud\u00fa t\u00ed, ktor\u00fdch Hospodin povol\u00e1va.<\/em>\u201c<\/p>\n<p>Sk 2:1-4 \u201e<em>Ke\u010f pri\u0161iel de\u0148 Letn\u00edc, boli spolu na jednom mieste. Tu zrazu povstal zvuk z neba, ako ke\u010f sa prudk\u00fd vietor val\u00ed, a naplnil cel\u00fd dom, v ktorom sedeli. I uk\u00e1zali sa im rozdelen\u00e9 jazyky akoby z oh\u0148a, usadili sa na \u00a0ka\u017ed\u00e9ho z nich a Duch Sv\u00e4t\u00fd naplnil v\u0161etk\u00fdch, tak\u017ee za\u010dali hovori\u0165 in\u00fdmi jazykmi, ako im Duch d\u00e1val hovori\u0165.\u201c<\/em><\/p>\n<p>Peter n\u00e1m povedal, \u017ee to m\u00e1 za\u010diatok v\u00a0knihe Skutkov, na de\u0148 Letn\u00edc (Sk 2:14-21). Na tejto udalosti je nie\u010do ve\u013emi unik\u00e1tne. Po prv\u00e9, bol to inaugura\u010dn\u00fd moment, kedy bol Duch vyliaty na cirkev. A po druh\u00e9, bol doprev\u00e1dzan\u00fd unik\u00e1tnymi okolnos\u0165ami: zvuk prudk\u00e9ho vetra, jazyky z\u00a0oh\u0148a, hovorenie v\u00a0jazykoch. A\u00a0tieto veci u\u017e nevid\u00edme, ke\u010f sa pozrieme na podobn\u00fa udalos\u0165 v\u00a0Skutkoch 4.<\/p>\n<p>Je pravdou, \u017ee Skutky 2 ozna\u010duj\u00fa v\u00fdnimo\u010dn\u00fa pr\u00e1cu Ducha v\u00a0za\u010diatkoch cirkvi, ale z\u00e1rove\u0148 ozna\u010duj\u00fa p\u00f4sobenie Ducha po\u010das celej hist\u00f3rie cirkvi. Proroctvo z\u00a0Joela teda za\u010dalo, ale neskon\u010dilo na Letnice. Zas\u013e\u00fabenie je platn\u00e9 po\u010das celej existencie cirkvi.<\/p>\n<p>Jer 31:31-34 \u201e<em>Svoj z\u00e1kon vlo\u017e\u00edm do ich vn\u00fatra a vp\u00ed\u0161em im ho do srdca; ja budem ich Bohom a oni bud\u00fa moj\u00edm \u013eudom. Potom u\u017e nikto nebude viac pou\u010dova\u0165 bl\u00ed\u017eneho ani svojho brata: Poznajte Hospodina! Lebo v\u0161etci ma bud\u00fa pozna\u0165, od naj men\u0161ieho a\u017e po najv\u00e4\u010d\u0161ieho &#8211; znie v\u00fdrok Hospodinov &#8211; lebo im odpust\u00edm ich viny a na ich hriech si u\u017e nespomeniem.<\/em>\u201c<\/p>\n<p>T\u00fato nadprirodzen\u00fa pr\u00e1cu vykon\u00e1 v\u00a0na\u0161om vn\u00fatri Duch Sv\u00e4t\u00fd a\u00a0jej v\u00fdsledkom bude osobn\u00e9, d\u00f4vern\u00e9 poznanie Boha, aby bol On osl\u00e1ven\u00fd. P\u00e1n to vykon\u00e1 kv\u00f4li Svojmu sv\u00e4t\u00e9mu menu, nie kv\u00f4li n\u00e1m (Ez 36:22,32).<\/p>\n<p><strong>Duch Sv\u00e4t\u00fd oslavuje Otca a\u00a0Syna<\/strong><\/p>\n<p>J\u00e1n 16:13-15<em> \u201eKe\u010f v\u0161ak pr\u00edde On, Duch pravdy, uvedie v\u00e1s do v\u0161etkej pravdy, lebo nebude hovori\u0165 s\u00e1m od seba, ale bude hovori\u0165, \u010do po\u010duje; a bude v\u00e1m zvestova\u0165 aj bud\u00face veci. On m\u0148a osl\u00e1vi, lebo z m\u00f4jho vezme a bude zvestova\u0165 v\u00e1m. V\u0161etko, \u010do m\u00e1 Otec, je moje, preto som v\u00e1m povedal, \u017ee z m\u00f4jho vezme a bude zvestova\u0165 v\u00e1m.\u201c<\/em><\/p>\n<p>J\u00e1n 15:26<em> \u201eKe\u010f v\u0161ak pr\u00edde Radca, ktor\u00e9ho v\u00e1m ja po\u0161lem od Otca, bude sved\u010di\u0165 o mne\u201c<\/em><\/p>\n<p>Dielo Ducha Sv\u00e4t\u00e9ho teda smeruje predov\u0161etk\u00fdm k\u00a0poznaniu a oslave Boha a\u00a0P\u00e1na Je\u017ei\u0161a Krista. Ke\u010f spr\u00e1vne porozumieme v\u0161etk\u00fdm ostatn\u00fdm \u010dinnostiam Ducha, ktor\u00e9 m\u00f4\u017eu by\u0165 spomenut\u00e9, naozaj zist\u00edme, \u017ee s\u00fa obsiahnut\u00e9 v\u00a0tomto jedinom a\u00a0najd\u00f4le\u017eitej\u0161om cieli.<\/p>\n<p>Ke\u010f n\u00e1m je povedan\u00e9, \u017ee Duch Sv\u00e4t\u00fd nebude hovori\u0165 s\u00e1m o\u00a0sebe, ale o\u00a0Je\u017ei\u0161ovi, potom m\u00f4\u017eeme d\u00f4js\u0165 k\u00a0z\u00e1veru, \u017ee ak\u00fdko\u013evek d\u00f4raz na osobu a\u00a0dielo Ducha, ktor\u00fd odv\u00e1dza od osoby a\u00a0diela Je\u017ei\u0161a Krista, nie je p\u00f4soben\u00edm Ducha. V\u00a0skuto\u010dnosti je to p\u00f4sobenie in\u00e9ho ducha, ducha antikrista, ktor\u00e9ho \u010dinnos\u0165 smeruje k\u00a0umen\u0161eniu v\u00fdznamu Kristovej osoby (1 J 4:2-3). Aj ke\u010f Duch Sv\u00e4t\u00fd je nesmierne d\u00f4le\u017eit\u00fd, nikdy by v\u00a0na\u0161om myslen\u00ed nemal ma\u0165 v\u00fdsadn\u00e9 postavenie na \u00fakor Krista, ktor\u00e9ho by zatienil. Kdeko\u013evek je naopak P\u00e1n Je\u017ei\u0161 vyvy\u0161ovan\u00fd, p\u00f4sob\u00ed tam tretia osoba Trojice.<\/p>\n<p>Ak\u00fdm konkr\u00e9tnym sp\u00f4sobom Duch roz\u0161iruje poznanie o\u00a0Bohu a\u00a0vyvy\u0161uje Ho?<\/p>\n<ol>\n<li>Vyu\u010duje o\u00a0Bohu v\u00a0P\u00edsmach<\/li>\n<li>Pri\u0165ahuje \u013eud\u00ed k Bohu<\/li>\n<li>Posv\u00e4cuje \u013eud\u00ed<\/li>\n<li>Vedie veriacich k\u00a0slu\u017ebe<\/li>\n<\/ol>\n<p><strong>1. Vyu\u010duje o Bohu v\u00a0P\u00edsmach<\/strong><\/p>\n<p>Duch Sv\u00e4t\u00fd roz\u0161iruje poznanie a\u00a0oslavuje Boha a\u00a0P\u00e1na Je\u017ei\u0161a Krista t\u00fdm, \u017ee o Nich vyu\u010duje v\u00a0P\u00edsmach. Nov\u00fd Z\u00e1kon n\u00e1m hovor\u00ed, \u017ee Duch konal t\u00fato slu\u017ebu e\u0161te pred Kristov\u00fdm vtelen\u00edm, ke\u010f in\u0161piroval Star\u00fd Z\u00e1kon. Ale t\u00fdm sa Jeho p\u00f4sobenie neskon\u010dilo. Nov\u00fd Z\u00e1kon zaznamen\u00e1va, \u010do Kristus robil a\u00a0objas\u0148uje v\u00fdznam Jeho diela. T\u00e1to slu\u017eba vyu\u010dovania je zd\u00f4raznen\u00e1 aj v\u00a0Kristov\u00fdch posledn\u00fdch rozhovoroch s\u00a0apo\u0161tolmi:<\/p>\n<p>J 15:26-27<em> \u201eKe\u010f v\u0161ak pr\u00edde Radca, ktor\u00e9ho v\u00e1m ja po\u0161lem od Otca, bude sved\u010di\u0165 o mne, a aj vy budete sved\u010di\u0165, preto\u017ee ste od po\u010diatku so mnou.\u201c<\/em><\/p>\n<p>Tak ako v\u00a0dobe Star\u00e9ho Z\u00e1kona zost\u00fapil Duch na ur\u010dit\u00fdch prorokov, kr\u00e1\u013eov a\u00a0in\u00fdch vodcov, aby skrze nich prehov\u00e1ral. Tak ten ist\u00fd Duch naplnil aj apo\u0161tolov, aby sa z\u00a0Kristovho diela nestratilo ni\u010d, \u010do je potrebn\u00e9 pre na\u0161e spasenie a\u00a0pre rast cirkvi.<\/p>\n<p>Ako mohli t\u00edto \u013eudia, z\u00a0v\u00e4\u010d\u0161ej \u010dasti neu\u010den\u00ed ryb\u00e1ri, by\u0165 n\u00e1strojmi skrze nich sme mali obdr\u017ea\u0165 Nov\u00fd Z\u00e1kon? Ako sa d\u00e1 veri\u0165 ich z\u00e1znamu o\u00a0Je\u017ei\u0161ovom \u017eivote a\u00a0u\u010deniu? Zaznamenali v\u0161etko spr\u00e1vne? Nezmie\u0161ali pravdu s\u00a0omylom? Odpove\u010f na tieto \u0161pekul\u00e1cie znie, \u017ee sa nedopustili \u017eiadnej chyby, lebo ich Duch viedol a\u00a0uchr\u00e1nil ich pred chybami.<\/p>\n<p>2 Pt 1:21<em> \u201elebo nikdy z \u013eudskej v\u00f4le nepovstalo proroctvo, ale Duchom Sv\u00e4t\u00fdm veden\u00ed hovorili (sv\u00e4t\u00ed) \u013eudia Bo\u017e\u00ed.\u201c<\/em><\/p>\n<p>J 16:13-14<em> \u201eKe\u010f v\u0161ak pr\u00edde On, Duch pravdy, uvedie v\u00e1s do v\u0161etkej pravdy, lebo nebude hovori\u0165 s\u00e1m od seba, ale bude hovori\u0165, \u010do po\u010duje; a bude v\u00e1m zvestova\u0165 aj bud\u00face veci. On m\u0148a osl\u00e1vi, lebo z m\u00f4jho vezme a bude zvestova\u0165 v\u00e1m.\u201c<\/em><\/p>\n<p>J 14:26<em> \u201eAle Radca, ten Duch Sv\u00e4t\u00fd, ktor\u00e9ho po\u0161le Otec v mojom mene, Ten v\u00e1s nau\u010d\u00ed v\u0161etk\u00e9mu a pripomenie v\u00e1m v\u0161etko, \u010do som v\u00e1m hovoril.<\/em><\/p>\n<p><strong>2. Pri\u0165ahuje \u013eud\u00ed k Bohu<\/strong><\/p>\n<p>Druh\u00fd sp\u00f4sob ako Duch oslavuje Boha a\u00a0P\u00e1na Je\u017ei\u0161a Krista je nasledovn\u00fd: pri\u0165ahuje \u013eud\u00ed ku\u00a0Kristovi darom spasite\u013enej viery. Bez tohto p\u00f4sobenia Ducha Sv\u00e4t\u00e9ho by nikto ku Kristovi nemohol pr\u00eds\u0165.<\/p>\n<p>Ke\u010f Je\u017ei\u0161 povedal, \u017ee po\u0161le u\u010den\u00edkom Ducha Sv\u00e4t\u00e9ho, ktor\u00fd s\u00a0nimi bude na veky, upresnil s\u00fa\u010dasne, \u017ee sa jedn\u00e1 o\u00a0\u201e<em>Ducha pravdy, ktor\u00e9ho svet nem\u00f4\u017ee prija\u0165, preto\u017ee Ho nevid\u00ed, ani nepozn\u00e1\u201c<\/em> (J 14:17). Svetom m\u00e1 J\u00e1n na mysli svet \u013eud\u00ed, ktor\u00fd s\u00fa odl\u00fa\u010den\u00ed od Krista. Bez p\u00f4sobenia Ducha Sv\u00e4t\u00e9ho, ktor\u00fd vedie \u013eud\u00ed ku Kristovi, ch\u00fdba duchovn\u00e9 videnie i\u00a0poznanie a\u00a0nikto nem\u00f4\u017ee duchovn\u00e9 veci prija\u0165. Nevidia, lebo s\u00fa duchovne slep\u00ed. Ako povedal Je\u017ei\u0161: \u201e<em>Je\u017ei\u0161 mu odpovedal: Veru, veru, hovor\u00edm ti: Ak sa niekto nenarod\u00ed znova, nem\u00f4\u017ee uzrie\u0165 kr\u00e1\u013eovstvo Bo\u017eie\u201c <\/em>(J 3:3). Nepoznaj\u00fa, lebo veci Ducha sa daj\u00fa pos\u00fadi\u0165 len Duchom (1. Kor 2:14). Neprij\u00edmaj\u00fa Ducha Sv\u00e4t\u00e9ho ani Krista, preto\u017ee platia Je\u017ei\u0161ove slov\u00e1: <em>\u201eNikto nem\u00f4\u017ee pr\u00eds\u0165 ku mne, ak ho nepritiahne Otec, ktor\u00fd ma poslal, a ja ho vzkriesim v posledn\u00fd de\u0148\u201c <\/em>(J 6:44).<\/p>\n<p>K\u00a0\u010domu teda doch\u00e1dza? Duch Sv\u00e4t\u00fd otv\u00e1ra slep\u00e9 o\u010di, aby neznovuzroden\u00ed \u013eudia uvideli pravdu, odstra\u0148uje z\u00e1voj z\u00a0ich mysl\u00ed, aby pochopili, \u010do nevidia a\u00a0potom jemne prehov\u00e1ra k\u00a0ich v\u00f4li, pokia\u013e sa nerozhodn\u00fa vlo\u017ei\u0165 svoju vieru v\u00a0Spasite\u013ea. Bez tohto p\u00f4sobenia by na svete nebolo jedin\u00e9ho kres\u0165ana. Duch Sv\u00e4t\u00fd n\u00e1s zachra\u0148uje a\u00a0oslavuje t\u00fdm P\u00e1na Je\u017ei\u0161a Krista.<\/p>\n<p><strong>3. Posv\u00e4cuje \u013eud\u00ed<\/strong><\/p>\n<p>Rim 15:15-16<em> \u201eAle nap\u00edsal som v\u00e1m, bratia, o nie\u010do smel\u0161ie, rozpom\u00ednaj\u00fac sa na v\u00e1s pod\u013ea milosti, ktorej sa mi dostalo od Boha: aby som bol slu\u017eobn\u00edkom Krista Je\u017ei\u0161a medzi pohanmi vo sv\u00e4tej slu\u017ebe pri evanjeliu Bo\u017eom, aby sa pohania stali pr\u00edjemnou obe\u0165ou posv\u00e4tenou Duchom Sv\u00e4t\u00fdm.\u201c<\/em><\/p>\n<p>Posv\u00e4tenie bolo cie\u013eom Pavlovej mision\u00e1rskej pr\u00e1ce. Jeho slu\u017ebou je k\u00e1za\u0165 evanjelium a obe\u0165ami, ktor\u00e9 pon\u00faka Bohu s\u00fa pohania. A\u00a0t\u00edto pohania s\u00fa prijat\u00ed, lebo s\u00fa posv\u00e4ten\u00ed. Pavol sa nezameriava len na prebudenie, jeho cie\u013eom je posv\u00e4tenie. Hne\u010f ako n\u00e1m je jasn\u00e9, \u010do je cie\u013eom Pavlovej misie, zist\u00edme, \u010do je vlastne posv\u00e4tenie (v.18a): \u201e<em>Neodv\u00e1\u017eim sa toti\u017e hovori\u0165 nie\u010do, \u010do by Kristus na z\u00edskanie pohanov k poslu\u0161nosti nebol vykonal skrze m\u0148a slovom a\u00a0skutkom&#8230;\u201c<\/em><\/p>\n<p>Teda posv\u00e4tenie znamen\u00e1 poslu\u0161nos\u0165 Kristovi.<\/p>\n<p>Je\u017ei\u0161 n\u00e1m s\u00e1m povedal, \u010do je cie\u013eom mision\u00e1rskej pr\u00e1ce (Mt 28:19-20a): \u201e<em>Cho\u010fte teda, \u010di\u0148te mi u\u010den\u00edkmi v\u0161etky n\u00e1rody, krstiac ich v meno Otca i Syna i Ducha Sv\u00e4t\u00e9ho a u\u010diac ich zachov\u00e1va\u0165 v\u0161etko, \u010doko\u013evek som v\u00e1m prik\u00e1zal.\u201c<\/em> Posv\u00e4tenie sa deje, ke\u010f je slovo Je\u017ei\u0161a Krista zachov\u00e1van\u00e9.<\/p>\n<p>Rim 6:17-18a:<em> \u201eAle v\u010faka Bohu, \u017ee ste (len) boli otrokmi hriechu a stali ste sa zo srdca poslu\u0161n\u00fdmi tomu u\u010deniu, ktor\u00e9mu ste boli odovzdan\u00ed. Osloboden\u00ed v\u0161ak od hriechu, stali ste sa slu\u017eobn\u00edkmi spravodlivosti\u201c <\/em><\/p>\n<p>Ke\u010f sa vr\u00e1time do Rim 15, vid\u00edme odkia\u013e posv\u00e4tenie prich\u00e1dza. Prv\u00fdm a\u00a0najvy\u0161\u0161\u00edm z\u00e1kladom posv\u00e4tenia je milos\u0165 Bo\u017eia. Pod\u013ea v.15 Bo\u017eia milos\u0165 zmenila Pavla na slu\u017eobn\u00edka Krista. Pohnut\u00fd touto milos\u0165ou sa Pavol uj\u00edma slu\u017eby ohlasovania evanjelia, \u017ee Kristus zomrel za hrie\u0161nikov a\u00a0pon\u00faka ve\u010dn\u00fa rados\u0165 t\u00fdm, ktor\u00ed v\u00a0neho uveria. Pod\u013ea v. 16, v\u00fdsledkom k\u00e1zania je, \u017ee sa pohania stan\u00fa posv\u00e4ten\u00fdmi Duchom Sv\u00e4t\u00fdm. Moc Ducha Sv\u00e4t\u00e9ho vyviera z\u00a0Bo\u017eej milosti a\u00a0otv\u00e1ra \u013eudsk\u00e9 srdcia, aby prijali evanjelium (Sk 16:14). Ak sa tak stane, Duch za\u010dne tvori\u0165 u\u00a0veriacich Kristov charakter. Vedie ich k\u00a0v\u00ed\u0165azstvu and sebou sam\u00fdm a\u00a0nad hriechom, prihov\u00e1ra sa za nich v\u00a0modlitbe a u\u010d\u00ed ich ako sa modli\u0165, zjavuje im Bo\u017eiu v\u00f4\u013eu pre ich \u017eivot a\u00a0umo\u017e\u0148uje im pod\u013ea nej \u017ei\u0165.<\/p>\n<p><strong>4. Vedie veriaciach do slu\u017eby<\/strong><\/p>\n<p>Mt 28:16-20<em> \u201ePotom jeden\u00e1sti u\u010den\u00edci \u0161li do Galiley na vrch, kam im rozk\u00e1zal Je\u017ei\u0161, a ke\u010f Ho uzreli, poklonili sa Mu; niektor\u00ed v\u0161ak pochybovali. Je\u017ei\u0161 prist\u00fapil k nim a povedal im: Dan\u00e1 je mi v\u0161etka moc na nebi a na zemi. Cho\u010fte teda, \u010di\u0148te mi u\u010den\u00edkmi v\u0161etky n\u00e1rody, krstiac ich v meno Otca i Syna i Ducha Sv\u00e4t\u00e9ho a u\u010diac ich zachov\u00e1va\u0165 v\u0161etko, \u010doko\u013evek som v\u00e1m prik\u00e1zal. Ajh\u013ea, ja som s vami po v\u0161etky dni, a\u017e do konca sveta. Amen.\u201c<\/em><\/p>\n<p>Aby sme pochopili pr\u00e1cu Ducha Sv\u00e4t\u00e9ho v\u00a0\u017eivote p\u00f4vodnej cirkvi, mus\u00edme sa najprv pozrie\u0165 na \u017eivot u\u010den\u00edkov pred zmrtv\u00fdchvstan\u00edm Krista, po zmrtv\u00fdchvstan\u00ed Krista a\u00a0po zoslan\u00ed Ducha Sv\u00e4t\u00e9ho. Pred zmrtv\u00fdchvstan\u00edm ich Je\u017ei\u0161 naz\u00fdva malovern\u00ed (Mt 16:8). Je to siln\u00e9 napomenutie. Bez viery sa ned\u00e1 p\u00e1\u010di\u0165 Bohu. A\u00a0t\u00edto mu\u017ei boli nazvan\u00ed mu\u017emi malej viery. Pritom sa h\u00e1daj\u00fa o\u00a0tom, kto z\u00a0nich je najv\u00e4\u010d\u0161\u00ed (Mk 9:34). Vo svojej samospravodlivosti a\u00a0zaujatosti t\u00fa\u017eili, aby sa z\u00a0nebies zniesol ohe\u0148 na ich nepriate\u013eov (Lk 9:54). Nesk\u00f4r im Je\u017ei\u0161 im vysvet\u013euje, \u017ee s\u00fa mu prek\u00e1\u017ekou, lebo nemyslia na veci Bo\u017eie, ale \u013eudsk\u00e9 (Mt 16:23). Po\u010das ukri\u017eovania ho opustili (Mt 26:56; Mt 26:69-75). Peter zapiera Krista aj pred malou sl\u00fa\u017ekou. Toto je ten ist\u00fd mu\u017e, ktor\u00fd po Letniciach st\u00e1l pre cel\u00fdm n\u00e1rodom a\u00a0hl\u00e1sal evanjelium. Ak\u00fd je d\u00f4vod tejto zmeny?<\/p>\n<p>Zm\u0155tv\u00fdchvstanie Krista bolo t\u00fdm najv\u00e4\u010d\u0161\u00edm potvrden\u00edm jeho slov o\u00a0\u0147om samotnom. Ale ani t\u00e1to udalos\u0165 nevyprodukovala dostato\u010dn\u00fa zmenu v\u00a0srdciach apo\u0161tolov. Potrebovali nadprirodzen\u00fa pr\u00e1cu Ducha v\u00a0ich srdciach. Aj ke\u010f videli na vlastn\u00e9 o\u010di Krista stojaceho pred nimi po ukri\u017eovan\u00ed, dotkli sa Jeho r\u00fak a\u00a0boku, nesta\u010dilo to.<\/p>\n<p>Sk 1:8<em> \u201eale prijmite moc Ducha Sv\u00e4t\u00e9ho, ktor\u00fd zost\u00fapi na v\u00e1s, a budete mi svedkami aj v Jeruzaleme, aj po celom Judsku, aj v Sam\u00e1rii a a\u017e do posledn\u00fdch kon\u010d\u00edn zeme. \u201c<\/em><\/p>\n<p>Osoba Ducha Sv\u00e4t\u00e9ho je jedin\u00fdm d\u00f4vodom tejto radik\u00e1lnej zmeny v\u00a0\u017eivotoch u\u010den\u00edkov.<\/p>\n<p>Sk 2:14 a\u00a041<em> \u201eTu povstal Peter s jeden\u00e1stimi a pozdvihn\u00fac svoj hlas, takto prehovoril: Mu\u017eovia, \u017didia, a v\u0161etci, ktor\u00ed b\u00fdvate v Jeruzaleme, po\u010dujte moje slov\u00e1 a vedzte toto:\u201c &#8230;\u201c<\/em><em> A t\u00ed, \u010do ochotne prijali jeho slov\u00e1, dali sa pokrsti\u0165; i pripojilo sa v ten de\u0148 okolo tritis\u00edc du\u0161\u00ed.\u201c<\/em><\/p>\n<p>Sk 13:2-4<em> \u201eKe\u010f raz sl\u00fa\u017eili P\u00e1novi a postili sa, riekol Duch Sv\u00e4t\u00fd: Odde\u013ete mi Barnab\u00e1\u0161a a Saula pre pr\u00e1cu, do ktorej som ich povolal.\u201c<\/em><\/p>\n<p>Ez 2:1-4<em> \u201eTen mi riekol: \u010clove\u010de, postav sa na nohy. Chcem s tebou hovori\u0165. Ke\u010f hovoril so mnou, vst\u00fapil do m\u0148a Duch, postavil ma na nohy a ja som po\u010d\u00faval Toho, ktor\u00fd hovoril so mnou. Riekol mi: \u010clove\u010de, posielam \u0165a k Izraelcom, k odbojn\u00e9mu n\u00e1rodu, ktor\u00fd sa vzb\u00faril proti mne. Oni ako aj ich otcovia odpadli odo m\u0148a a\u017e do tohto d\u0148a. Synovia maj\u00fa drz\u00fa tv\u00e1r a zatvrdnut\u00e9 srdce. K nim \u0165a posielam.\u201c<\/em><\/p>\n<p>1.Kor 2:4<em> \u201emoja re\u010d a moja k\u00e1ze\u0148 nebola v presved\u010div\u00fdch slov\u00e1ch m\u00fadrosti, ale v dokazovan\u00ed Ducha a moci\u201c<\/em><\/p>\n<p>Duch Sv\u00e4t\u00fd povol\u00e1va kres\u0165anov do konkr\u00e9tnej pr\u00e1ce a\u00a0doprev\u00e1dza ich pri nej.<\/p>\n<p><strong>Krst Duchom Sv\u00e4t\u00fdm<\/strong><\/p>\n<p>J\u00e1n 1:33 \u201e<em>A ja som Ho nepoznal, ale ten, \u010do ma poslal krsti\u0165 vodou, mi povedal: Na koho uvid\u00ed\u0161 zost\u00fapi\u0165 Ducha a spo\u010din\u00fa\u0165 na \u0147om, to je Ten, ktor\u00fd krst\u00ed Duchom Sv\u00e4t\u00fdm.<\/em>\u201c<\/p>\n<p>Prv\u00fa vec, ktor\u00fa si m\u00f4\u017eeme v\u0161imn\u00fa\u0165 je to, \u017ee J\u00e1n Krstite\u013e rob\u00ed rozdiel medzi krsten\u00edm vodou a\u00a0krsten\u00edm Duchom Sv\u00e4t\u00fdm. Rob\u00ed to aj v\u00a0predch\u00e1dzaj\u00facom ver\u0161i 31: \u201eA ja som Ho nepoznal, ale preto som pri\u0161iel, krstiac vodou, aby bol zjaven\u00fd Izraelovi.\u201c<\/p>\n<p>(v.32) \u201e<em>\u010ealej sved\u010dil J\u00e1n hovoriac: Videl som Ducha zostupova\u0165 z neba ako holubicu a spo\u010din\u00fa\u0165 na \u0147om.<\/em>\u201c Pre\u010do holubica? Lebo zostupuje z\u00a0nebies na zem a\u00a0pod\u013ea Lev 5:7 je \u010dist\u00e1 a ur\u010den\u00e1 pre chudobn\u00fdch na znak pok\u00e1nia, ak si nemohli dovoli\u0165 bar\u00e1nka. Je to teda symbol \u010distoty a\u00a0pokory.<\/p>\n<p>Rozdiel medzi krstom vodou a\u00a0krstom Duchom Sv\u00e4t\u00fdm je rozdielom medzi osobou a\u00a0ma\u013ebou, je rozdielom medzi man\u017eelstvom a\u00a0prste\u0148om, rozdielom medzi naroden\u00edm sa a\u00a0rodn\u00fdm listom a\u00a0rozdielom medzi ponoren\u00edm sa do vody a\u00a0ponoren\u00edm sa do Boha.<\/p>\n<p>Pre\u010do J\u00e1n Krstite\u013e vravel o\u00a0Kristovi, \u017ee na Neho zost\u00fapil Duch Sv\u00e4t\u00fd? Kv\u00f4li naplnen\u00fdm proroctv\u00e1m o\u00a0Mesi\u00e1\u0161ovi:<\/p>\n<p>Iz 11: 1-2 \u201e<em>Z Izajovho p\u0148a vy\u017eenie ml\u00e1dnik a z jeho kore\u0148ov vyrastie v\u00fdhonok. Spo\u010dinie na \u0148om Duch Hospodinov, duch m\u00fadrosti a rozumnosti, duch rady a sily, duch zn\u00e1mosti a b\u00e1zne Hospodinovej.<\/em>\u201c<\/p>\n<p>Iz 42:1 \u201e<em>Ajh\u013ea, m\u00f4j slu\u017eobn\u00edk, ktor\u00e9ho podopieram, m\u00f4j vyvolen\u00fd, ktor\u00e9ho som si ob\u013e\u00fabil. Svojho Ducha som polo\u017eil na\u0148ho, opravdiv\u00e9 pr\u00e1vo prinesie n\u00e1rodom.<\/em>\u201c<\/p>\n<p>Iz 61:1 \u201e<em>Duch Hospodina, P\u00e1na, spo\u010d\u00edva na mne, preto\u017ee Hospodin ma pomazal. Poslal ma biednym hl\u00e1sa\u0165 radostn\u00fa zves\u0165, zaviaza\u0165 rany t\u00fdm, ktor\u00ed s\u00fa skr\u00fa\u0161en\u00e9ho srdca, vyhl\u00e1si\u0165 zajat\u00fdm prepustenie na slobodu, uv\u00e4znen\u00fdm otvorenie \u017eal\u00e1ra<\/em>\u201c<\/p>\n<p>A\u00a0je zas\u013e\u00faben\u00e9, \u017ee rovnak\u00e9ho Ducha obdr\u017e\u00ed aj Bo\u017e\u00ed \u013eud:<\/p>\n<p>Joel 3:1 \u201e<em>Potom vylejem svojho Ducha na ka\u017ed\u00e9 telo a va\u0161i synovia a va\u0161e dc\u00e9ry bud\u00fa prorokova\u0165. Va\u0161i starci bud\u00fa m\u00e1va\u0165 sny, va\u0161i ml\u00e1denci videnia bud\u00fa v\u00edda\u0165.<\/em>\u201c<\/p>\n<p>Iz 44:3 \u201e<em>lebo vylejem vody na sm\u00e4dn\u00fa p\u00f4du a bystriny na such\u00fa zem, vylejem svojho ducha na tvoje potomstvo a svoje po\u017eehnanie na tvoju mla\u010f.<\/em>\u201c<\/p>\n<p>Iz 36: 27 \u201e<em>D\u00e1m svojho Ducha do v\u00e1\u0161ho vn\u00fatra a sp\u00f4sob\u00edm, aby ste chodili pod\u013ea mojich ustanoven\u00ed, zachov\u00e1vali a plnili moje nariadenia.<\/em>\u201c<\/p>\n<p>\u010co to teda znamen\u00e1, \u017ee Je\u017ei\u0161 n\u00e1s bude krsti\u0165 Duchom Sv\u00e4t\u00fdm?<\/p>\n<ol>\n<li>Znamen\u00e1 to predov\u0161etk\u00fdm, \u017ee Duch Sv\u00e4t\u00fd prich\u00e1dza na n\u00e1s skrze Je\u017ei\u0161 Krista a\u00a0nez\u00edskame ho od nikoho in\u00e9ho. Chce\u0161 Ducha? Cho\u010f za Kristom.<\/li>\n<li>Znamen\u00e1 to, \u017ee Je\u017ei\u0161 ponor\u00ed svoj \u013eud do Ducha, lebo slovo <em>krst<\/em> znamen\u00e1 &#8211; ponoren\u00fd. Budeme N\u00edm obklopen\u00fd.<\/li>\n<li>N\u00e1sledkom krstu Ducha je radik\u00e1lna zmena \u017eivota.<\/li>\n<\/ol>\n<p>Je krst Duchom Sv\u00e4t\u00fdm druhou \u0161peci\u00e1lnou sk\u00fasenos\u0165ou sprev\u00e1dzanou hovoren\u00edm v\u00a0jazykoch? Alebo je prvou sk\u00fasenos\u0165ou sprev\u00e1dzanou znovuzroden\u00edm a\u00a0vlo\u017een\u00edm do tela Kristovho?<\/p>\n<p>1.Kor 12:12-13 \u201e<em>Lebo ako telo je jedno a m\u00e1 mnoho \u00fadov, ale v\u0161etky \u00fady tvoria jedno telo, aj ke\u010f ich je mnoho: tak aj Kristus. Ve\u010f aj my v\u0161etci v jednom Duchu sme boli pokrsten\u00ed v jedno telo, \u010di \u017didia alebo Gr\u00e9ci, \u010di otroci alebo slobodn\u00ed; a v\u0161etci sme boli napojen\u00ed jedn\u00fdm Duchom.<\/em>\u00a0\u201c<\/p>\n<p>Krst Duchom Sv\u00e4t\u00fdm sa v\u0161ak ned\u00e1 ohrani\u010di\u0165 na jeden bod v\u00a0kres\u0165anskom \u017eivote, na jeden moment. Pod\u013ea J\u00e1novho evanjelia je krst \u0161irok\u00fdm, v\u0161eobecn\u00fdm ozna\u010den\u00edm Je\u017ei\u0161ovho konania, ke\u010f n\u00e1s pon\u00e1ra do plnosti Ducha. Ak nie si znovuzroden\u00fd veriaci, jednou z\u00a0mo\u017enost\u00ed ako pop\u00edsa\u0165 to, \u010do potrebuje\u0161 je \u2013 potrebuje\u0161 by\u0165 pokrsten\u00fd Duchom Sv\u00e4t\u00fdm. Potrebuje\u0161 by\u0165 Kristom ponoren\u00fd do osoby Ducha Sv\u00e4t\u00e9ho, vsta\u0165 z\u00a0m\u0155tvych a sta\u0165 sa veriacim. Ak \u0165a Boh znovuzrodil, ale tr\u00e1pi\u0161 sa v\u00a0\u010dase slabost\u00ed, strachu a\u00a0por\u00e1\u017eok, jedn\u00fdm zo sp\u00f4sobov ako op\u00edsa\u0165 to, \u010do potrebuje\u0161 je \u2013 potrebuje\u0161 by\u0165 pokrsten\u00fd Duchom Sv\u00e4t\u00fdm.<\/p>\n<p><strong>Dary Ducha Sv\u00e4t\u00e9ho<\/strong><\/p>\n<p>1.Kor 12:1<em> \u201eAni o duchovn\u00fdch daroch, bratia, nechcem, aby ste nevedeli.<\/em><\/p>\n<p><strong>\u00a0 \u00a0Duchovn\u00e9 dary posil\u0148uj\u00fa vieru in\u00fdch<\/strong><\/p>\n<p>Rim 1:11-12 \u201e<em>Lebo ve\u013emi t\u00fa\u017eim vidie\u0165 v\u00e1s, aby som v\u00e1m na utvrdenie udelil nejak\u00fd duchovn\u00fd dar, to jest: aby sme sa navz\u00e1jom povzbudili svojou obapolnou vierou, va\u0161ou i mojou.<\/em>\u201c<\/p>\n<p>Preklad \u201eudelil nejak\u00fd duchovn\u00fd dar\u201c je zav\u00e1dzaj\u00faci, lebo to znie akoby Pavol mohol veriacim darova\u0165 nejak\u00fd duchovn\u00fd dar. V\u00a0skuto\u010dnosti im chce darova\u0165 \u00fa\u017eitok z\u00a0jeho duchovn\u00fdch darov. Prvou a\u00a0najjasnej\u0161ou vecou, ktor\u00fa by sme si mali uvedomi\u0165 je, \u017ee duchovn\u00e9 dary tu s\u00fa na posilnenie in\u00fdch. To samozrejme neznamen\u00e1, \u017ee osoba, ktor\u00e1 pou\u017e\u00edva duchovn\u00e9 dary z\u00a0toho nem\u00e1 \u017eiadne pote\u0161enie ani \u00fa\u017eitok. S\u00fa d\u00e1van\u00e9, aby cez nich bolo d\u00e1van\u00e9. Nie s\u00fa tu na hromadenie.<\/p>\n<p>Podobn\u00fd v\u00fdznam maj\u00fa slov\u00e1 v\u00a01. Tes 3:2 \u201e<em>a poslali sme Timotea, svojho brata a slu\u017eobn\u00edka Bo\u017eieho v pr\u00e1ci za evanjelium Kristovo, upevni\u0165 a povzbudi\u0165 v\u00e1s vo viere\u201c.<\/em><\/p>\n<p><strong>\u00a0 \u00a0Objavenie na\u0161ich darov<\/strong><\/p>\n<p>D\u00f4vod, pre\u010do m\u00e1me duchovn\u00e9 dary, je, \u017ee nimi m\u00e1me posil\u0148ova\u0165 vieru in\u00fdch a budova\u0165 Kristovu cirkev na zemi.<\/p>\n<p><strong>\u00a0 \u00a0Ka\u017ed\u00fd veriaci je obdarovan\u00fd darmi<\/strong><\/p>\n<p>Rim 12:3-8<em> \u201eLebo mocou milosti, ktor\u00e1 je mi dan\u00e1, hovor\u00edm ka\u017ed\u00e9mu medzi vami, aby si nemyslel o sebe viac ako treba, ale aby skromne zm\u00fd\u0161\u013eal, ako Boh komu udelil mieru viery. Lebo ako v jednom tele m\u00e1me mnoho \u00fadov, ale v\u0161etky \u00fady nevykon\u00e1vaj\u00fa t\u00fa ist\u00fa \u010dinnos\u0165, tak aj my mnoh\u00ed sme jedno telo v Kristovi, jednotlivo v\u0161ak sme si navz\u00e1jom \u00fadmi. Ke\u010f\u017ee v\u0161ak m\u00e1me rozli\u010dn\u00e9 dary pod\u013ea milosti, ktor\u00e1 n\u00e1m je dan\u00e1: kto m\u00e1 proroctvo, nech (ono) s\u00fahlas\u00ed s vierou; kto dar slu\u017eby, nech sl\u00fa\u017ei; kto dar vyu\u010dovania, nech vyu\u010duje; kto dar<\/em><em> napom\u00ednania, nech napom\u00edna; kto d\u00e1va, (nech d\u00e1va) z \u00faprimnosti; kto je predstaven\u00fd, nech je horliv\u00fd; kto \u010din\u00ed milosrdenstvo, nech je ochotn\u00fd. \u201c<\/em><\/p>\n<p>Aj tento text potvrdzuje, \u017ee duchovn\u00e9 dary s\u00fa schopnos\u0165ou ducha da\u0165 ti tak\u00e9 vyjadrenie viery, ktor\u00fdm povzbud\u00ed\u0161 ostatn\u00fdch. Nie s\u00fa len pre niektor\u00fdch, ale s\u00fa pre v\u0161etk\u00fdch<\/p>\n<p><strong>\u00a0 \u00a0Cie\u013e darov<\/strong><\/p>\n<p>1. Pt 4:10-11 \u201e<em>Posluhujte si ako dobr\u00ed \u0161af\u00e1ri rozli\u010dnej milosti Bo\u017eej, ka\u017ed\u00fd t\u00fdm duchovn\u00fdm darom, ktor\u00fd prijal. Ke\u010f niekto hovor\u00ed, nech hovor\u00ed ako re\u010d Bo\u017eiu; ke\u010f niekto posluhuje, nech to rob\u00ed ako z moci od Boha, aby sa vo v\u0161etkom oslavoval Boh pre Je\u017ei\u0161a Krista; On m\u00e1 sl\u00e1vu a moc naveky vekov. Amen.\u201c<\/em><\/p>\n<p>Cie\u013eom v\u0161etk\u00fdch duchovn\u00fdch darov je oslava n\u00e1\u0161ho Boha skrze Je\u017ei\u0161a Krista. To znamen\u00e1, \u017ee Bo\u017e\u00edm z\u00e1merom v\u00a0ude\u013eovan\u00ed viery a\u00a0duchovn\u00fdch darov je, aby bola Jeho sl\u00e1va vyjaven\u00e1. Chce, aby sme boli z\u00a0Neho uchv\u00e1ten\u00fd a presved\u010den\u00fd o\u00a0tom, \u017ee je \u00fa\u017easn\u00fd.<\/p>\n<p><strong>\u00a0 \u00a0Druhy darov<\/strong><\/p>\n<p>(Iz 11:1-3; Gal 5:22; 1. Kor 12,13,14; Rim 12:6-8 a\u00a0i.) Za duchovn\u00e9 dary pova\u017eujeme: dar m\u00fadrosti, poznania, viery, l\u00e1sky, dobrotivosti, milosrdnosti, rady, pokoja, slu\u017eby, vyu\u010dovania, napom\u00ednania, d\u00e1vania, horlivosti, ochoty, radosti, ne\u017enosti, zhovievavosti, dobrotivosti, vernosti, krotkosti, zdr\u017eanlivosti, jednoty, sily, zn\u00e1mosti a\u00a0b\u00e1zne Hospodinovej, uzdravovania, schopnos\u0165 \u010dini\u0165 divy, prorokova\u0165, rozli\u0161ova\u0165 duchov a\u00a0jazyky, hovori\u0165 v\u00a0jazykoch, &#8230;<\/p>\n<p>S\u00fa v\u0161etky dary pr\u00edtomn\u00e9 aj dnes?<\/p>\n<p><strong>Cessationizmus<\/strong> &#8211; Duch u\u017e dnes neude\u013euje z\u00e1zra\u010dn\u00e9 duchovn\u00e9 dary, t.j. dar hovorenia v\u00a0jazykoch, prorokovania a uzdravovania<\/p>\n<p>Niektor\u00e9 argumenty za:<\/p>\n<ol>\n<li>schopnos\u0165 kona\u0165 z\u00e1zraky patrila apo\u0161tolom (2. Kor 12:12) a\u00a0prorokom a\u00a0ich doba sa skon\u010dila, ke\u010f u\u017e nikto nebol svedkom Kristovho \u017eivota a\u00a0zmrtv\u00fdchvstania (Sk 1:22)<\/li>\n<li>dostato\u010dnos\u0165 P\u00edsma (1. Tim 3:16-17; \u017did 1:1)<\/li>\n<li>svedectvo cirkevn\u00fdch dej\u00edn \u2013 pou\u017e\u00edvanie z\u00e1zra\u010dn\u00fdch darov ust\u00e1va aj po\u010das apo\u0161tolskej doby a\u00a0dnes ich u\u017e nevid\u00edme<\/li>\n<li>Z\u00e1stancovia: M. Luther, J. Kalv\u00edn, Ch. H. Spurgeon, J. Edwards, J. MacArthur<\/li>\n<li><a href=\"http:\/\/www.reformace.cz\/reformace-c-24\/problematika-cessationismu\">http:\/\/www.reformace.cz\/reformace-c-24\/problematika-cessationismu<\/a><\/li>\n<\/ol>\n<p><strong>Kontinualizmus<\/strong> &#8211; z\u00e1zra\u010dn\u00e9 duchovn\u00e9 dary tu boli a\u00a0s\u00fa v\u00a0plnej sile;<\/p>\n<p>Niektor\u00e9 argumenty za:<\/p>\n<ol>\n<li>Pavol by ned\u00e1val Korin\u0165anom (1. Kor 12,13,14) tak\u00e9 ob\u0161\u00edrne vyu\u010dovanie o\u00a0pou\u017e\u00edvan\u00ed vy\u0161\u0161\u00edch darov, ak by neplatili aj pre dne\u0161n\u00fa cirkev a\u00a0mali by o\u00a0p\u00e1r rokov pomin\u00fa\u0165;<\/li>\n<li>vykon\u00e1vate\u013emi z\u00e1zrakov neboli len apo\u0161toli (Sk 6:8; Sk 8:6; Gal 3:5);<\/li>\n<li>Jeho svedectvo bolo potvrdzovan\u00e9 znameniami a\u00a0divmi (\u017did 2:3-4) a\u00a0do dnes sa nezmenilo<\/li>\n<li>Z\u00e1stancovia: sv. August\u00edn, J. Wesley, A.W. Tozer, W. Grudem, J. Piper<\/li>\n<li><a href=\"http:\/\/www.desiringgod.org\/messages\/are-signs-and-wonders-for-today\">http:\/\/www.desiringgod.org\/messages\/are-signs-and-wonders-for-today<\/a><\/li>\n<\/ol>\n<p><em><a href=\"https:\/\/pravdavlaske.sk\/en\/tag\/peter-stefancik\/\">Peter \u0160tefan\u010d\u00edk<\/a> (Pravda v l\u00e1ske)<\/em><\/p>","protected":false},"excerpt":{"rendered":"<p>1. Duch Sv\u00e4t\u00fd je osoba Najd\u00f4le\u017eitej\u0161ia pas\u00e1\u017e, ktor\u00e1 to podporuje je J\u00e1n 14:16-17. Aspo\u0148 3 veci v\u00a0tejto kapitole potvrdzuj\u00fa, \u017ee Je\u017ei\u0161 rozm\u00fd\u0161\u013ea o\u00a0Duchu Sv\u00e4tom ako o\u00a0osobe a\u00a0nie iba ako o\u00a0sile.<\/p>","protected":false},"author":10,"featured_media":3931,"comment_status":"closed","ping_status":"open","sticky":false,"template":"","format":"standard","meta":{"footnotes":""},"categories":[84],"tags":[126,166],"ppma_author":[193],"class_list":["post-3813","post","type-post","status-publish","format-standard","has-post-thumbnail","hentry","category-biblicke-hodiny","tag-duch-svaty","tag-peter-stefancik"],"authors":[{"term_id":193,"user_id":10,"is_guest":0,"slug":"peter-stefancik","display_name":"Peter \u0160tefan\u010d\u00edk","avatar_url":"https:\/\/secure.gravatar.com\/avatar\/?s=96&d=mm&r=g","0":null,"1":"","2":"","3":"","4":"","5":"","6":"","7":"","8":""}],"_links":{"self":[{"href":"https:\/\/pravdavlaske.sk\/en\/wp-json\/wp\/v2\/posts\/3813","targetHints":{"allow":["GET"]}}],"collection":[{"href":"https:\/\/pravdavlaske.sk\/en\/wp-json\/wp\/v2\/posts"}],"about":[{"href":"https:\/\/pravdavlaske.sk\/en\/wp-json\/wp\/v2\/types\/post"}],"author":[{"embeddable":true,"href":"https:\/\/pravdavlaske.sk\/en\/wp-json\/wp\/v2\/users\/10"}],"replies":[{"embeddable":true,"href":"https:\/\/pravdavlaske.sk\/en\/wp-json\/wp\/v2\/comments?post=3813"}],"version-history":[{"count":1,"href":"https:\/\/pravdavlaske.sk\/en\/wp-json\/wp\/v2\/posts\/3813\/revisions"}],"predecessor-version":[{"id":11429,"href":"https:\/\/pravdavlaske.sk\/en\/wp-json\/wp\/v2\/posts\/3813\/revisions\/11429"}],"wp:featuredmedia":[{"embeddable":true,"href":"https:\/\/pravdavlaske.sk\/en\/wp-json\/wp\/v2\/media\/3931"}],"wp:attachment":[{"href":"https:\/\/pravdavlaske.sk\/en\/wp-json\/wp\/v2\/media?parent=3813"}],"wp:term":[{"taxonomy":"category","embeddable":true,"href":"https:\/\/pravdavlaske.sk\/en\/wp-json\/wp\/v2\/categories?post=3813"},{"taxonomy":"post_tag","embeddable":true,"href":"https:\/\/pravdavlaske.sk\/en\/wp-json\/wp\/v2\/tags?post=3813"},{"taxonomy":"author","embeddable":true,"href":"https:\/\/pravdavlaske.sk\/en\/wp-json\/wp\/v2\/ppma_author?post=3813"}],"curies":[{"name":"wp","href":"https:\/\/api.w.org\/{rel}","templated":true}]}}