{"id":10673,"date":"2021-05-24T19:15:15","date_gmt":"2021-05-24T17:15:15","guid":{"rendered":"https:\/\/pravdavlaske.sk\/?p=10673"},"modified":"2021-05-24T19:16:02","modified_gmt":"2021-05-24T17:16:02","slug":"zazrak-stvorenia","status":"publish","type":"post","link":"https:\/\/pravdavlaske.sk\/en\/clanky\/zamyslenia\/zazrak-stvorenia\/","title":{"rendered":"Z\u00e1zrak stvorenia"},"content":{"rendered":"<p><em>&#8222;Ale niekto povie: Ako s\u00fa m\u0155tvi kriesen\u00ed? V akom tele pr\u00eddu? \u00d3, nem\u00fadry! \u010co ty rozsieva\u0161, neo\u017eije, ak neodumrie. A ke\u010f rozsieva\u0161, nerozsieva\u0161 telo, ktor\u00e9 m\u00e1 vznikn\u00fa\u0165, ale hol\u00e9 zrno, ako pr\u00edde, p\u0161eni\u010dn\u00e9 alebo nejak\u00e9 in\u00e9. A Boh mu d\u00e1va telo, ak\u00e9 s\u00e1m chce, a ka\u017ed\u00e9mu semenu jeho vlastn\u00e9 telo.&#8220; 1. Korintsk\u00fdm 15:35-38<\/em><!--more--><\/p>\n<p>Zachyt\u00e1val som v P\u00edsme drobnosti, ktor\u00e9 poukazuj\u00fa na Bo\u017eiu d\u00f4vern\u00fa \u00fa\u010das\u0165 v stvoren\u00ed.<\/p>\n<p>Napr\u00edklad v 1. Korintsk\u00fdm 15:38 Pavel porovn\u00e1va, ako je semeno zasaden\u00e9 do jednej formy a vych\u00e1dza v inej forme s \u201etelom\u201c odli\u0161n\u00fdm od v\u0161etk\u00fdch ostatn\u00fdch tiel. Hovor\u00ed: \u201e<em>Boh mu d\u00e1va telo, ak\u00e9 s\u00e1m chce, a ka\u017ed\u00e9mu semenu jeho vlastn\u00e9 telo.<\/em>\u201c (P\u00f4vodn\u00fd text nehovor\u00ed, \u017ee d\u00e1va ka\u017ed\u00e9mu \u201edruhu\u201c semena telo, ale ka\u017ed\u00e9mu jedn\u00e9mu semenu svoje vlastn\u00e9 telo!).<\/p>\n<p>Pavel tu neu\u010d\u00ed o evol\u00facii, ale <em>ukazuje<\/em>, ako pova\u017euje Bo\u017eiu d\u00f4vern\u00fa \u00fa\u010das\u0165 v stvoren\u00ed za samozrejmos\u0165. Pavel si zjavne nedok\u00e1\u017ee predstavi\u0165, \u017ee by sa malo uva\u017eova\u0165 o nejakom pr\u00edrodnom procese bez toho, aby to neurobil Boh.<\/p>\n<p>Znovu, v\u00a0\u017dalme 94:9 sa hovor\u00ed: \u201e\u010ci nepo\u010duje Ten, ktor\u00fd v\u00e1m vsadil ucho? \u010ci nevid\u00ed Ten, ktor\u00fd oko utvoril?\u201c \u017dalmista predpoklad\u00e1, \u017ee Boh bol Dizajn\u00e9rom oka a \u017ee navrhol sp\u00f4sob, ak\u00fdm je ucho zasaden\u00e9 do hlavy, aby mohlo vykon\u00e1va\u0165 svoju pr\u00e1cu.<\/p>\n<p>Ke\u010f \u017easneme nad z\u00e1zrakom \u013eudsk\u00e9ho oka a pozoruhodnou stavbou ucha, ne\u017easneme nad procesom n\u00e1hody, ale nad mys\u013eou, tvorivos\u0165ou a mocou Boha.<\/p>\n<p>Podobne je to v \u017dalme 95:5: \u201eJeho je more &#8211; On ho u\u010dinil; aj pevnina, \u010do Jeho ruky utvorili.\u201c Bo\u017eie zapojenie do vytv\u00e1rania pevniny a mora je tak\u00e9, \u017ee <em>s\u00fa\u010dasn\u00e9<\/em> more je <em>jeho<\/em>.<\/p>\n<p>Nie je to tak, \u017ee by to nejak\u00fdm neosobn\u00fdm sp\u00f4sobom dal do pohybu pred miliardou rokov. On je t\u00fdm, kto to vlastn\u00ed, preto\u017ee to stvoril. Je to Jeho ru\u010dn\u00e1 pr\u00e1ca a nesie znaky n\u00e1roku svojho Stvorite\u013ea, podobne ako umeleck\u00e9 dielo patr\u00ed tomu, kto ho ma\u013eoval, k\u00fdm ho nepred\u00e1 alebo nedaruje.<\/p>\n<p>Poukazujem na tieto veci nie preto, aby sa t\u00fdm vyrie\u0161ili v\u0161etky probl\u00e9my spojen\u00e9 s\u00a0p\u00f4vodom druhov, ale aby som \u0165a vyzval, aby si bol pri v\u0161etkom svojom pozorovan\u00ed a obdive z\u00e1zrakov sveta plne Boha si uvedomuj\u00faci, Boha vyvy\u0161uj\u00faci a Bohom nas\u00fdten\u00fd.<\/p>\n<p><em><a href=\"https:\/\/pravdavlaske.sk\/en\/tag\/john-piper\/\">John Piper<\/a><\/em><\/p>\n<p>Prelo\u017een\u00e9 z: <a href=\"https:\/\/www.desiringgod.org\/articles\/the-marvel-of-creation\">https:\/\/www.desiringgod.org\/articles\/the-marvel-of-creation<\/a><\/p>","protected":false},"excerpt":{"rendered":"<p>&#8222;Ale niekto povie: Ako s\u00fa m\u0155tvi kriesen\u00ed? V akom tele pr\u00eddu? \u00d3, nem\u00fadry! \u010co ty rozsieva\u0161, neo\u017eije, ak neodumrie. A ke\u010f rozsieva\u0161, nerozsieva\u0161 telo, ktor\u00e9 m\u00e1 vznikn\u00fa\u0165, ale hol\u00e9 zrno, ako pr\u00edde, p\u0161eni\u010dn\u00e9 alebo nejak\u00e9 in\u00e9. A Boh mu d\u00e1va telo, ak\u00e9 s\u00e1m chce, a ka\u017ed\u00e9mu semenu jeho vlastn\u00e9 telo.&#8220; 1. Korintsk\u00fdm 15:35-38<\/p>","protected":false},"author":1,"featured_media":10674,"comment_status":"closed","ping_status":"open","sticky":false,"template":"","format":"standard","meta":{"footnotes":""},"categories":[72],"tags":[146,139],"ppma_author":[192],"class_list":["post-10673","post","type-post","status-publish","format-standard","has-post-thumbnail","hentry","category-zamyslenia","tag-john-piper","tag-stvorenie-sveta"],"authors":[{"term_id":192,"user_id":9,"is_guest":0,"slug":"john-piper","display_name":"John Piper","avatar_url":"https:\/\/secure.gravatar.com\/avatar\/?s=96&d=mm&r=g","0":null,"1":"","2":"","3":"","4":"","5":"","6":"","7":"","8":""}],"_links":{"self":[{"href":"https:\/\/pravdavlaske.sk\/en\/wp-json\/wp\/v2\/posts\/10673","targetHints":{"allow":["GET"]}}],"collection":[{"href":"https:\/\/pravdavlaske.sk\/en\/wp-json\/wp\/v2\/posts"}],"about":[{"href":"https:\/\/pravdavlaske.sk\/en\/wp-json\/wp\/v2\/types\/post"}],"author":[{"embeddable":true,"href":"https:\/\/pravdavlaske.sk\/en\/wp-json\/wp\/v2\/users\/1"}],"replies":[{"embeddable":true,"href":"https:\/\/pravdavlaske.sk\/en\/wp-json\/wp\/v2\/comments?post=10673"}],"version-history":[{"count":0,"href":"https:\/\/pravdavlaske.sk\/en\/wp-json\/wp\/v2\/posts\/10673\/revisions"}],"wp:featuredmedia":[{"embeddable":true,"href":"https:\/\/pravdavlaske.sk\/en\/wp-json\/wp\/v2\/media\/10674"}],"wp:attachment":[{"href":"https:\/\/pravdavlaske.sk\/en\/wp-json\/wp\/v2\/media?parent=10673"}],"wp:term":[{"taxonomy":"category","embeddable":true,"href":"https:\/\/pravdavlaske.sk\/en\/wp-json\/wp\/v2\/categories?post=10673"},{"taxonomy":"post_tag","embeddable":true,"href":"https:\/\/pravdavlaske.sk\/en\/wp-json\/wp\/v2\/tags?post=10673"},{"taxonomy":"author","embeddable":true,"href":"https:\/\/pravdavlaske.sk\/en\/wp-json\/wp\/v2\/ppma_author?post=10673"}],"curies":[{"name":"wp","href":"https:\/\/api.w.org\/{rel}","templated":true}]}}