{"id":10052,"date":"2020-09-17T20:30:55","date_gmt":"2020-09-17T18:30:55","guid":{"rendered":"https:\/\/pravdavlaske.sk\/?p=10052"},"modified":"2020-09-21T11:27:28","modified_gmt":"2020-09-21T09:27:28","slug":"nic-nas-nemoze-odlucit-od-kristovej-lasky","status":"publish","type":"post","link":"https:\/\/pravdavlaske.sk\/en\/clanky\/nazory\/nic-nas-nemoze-odlucit-od-kristovej-lasky\/","title":{"rendered":"Ni\u010d n\u00e1s nem\u00f4\u017ee odl\u00fa\u010di\u0165 od Kristovej l\u00e1sky"},"content":{"rendered":"<p>P\u00e4\u0165kr\u00e1t sa v 8. kapitole listu Rimanom Apo\u0161tol Pavel p\u00fdtal ot\u00e1zky, aby na\u010drtol \u00fa\u017easn\u00e9 privil\u00e9gi\u00e1 pre t\u00fdch, ktor\u00ed patria Je\u017ei\u0161ovi Kristovi. 31. ver\u0161: \u201eKe\u010f Boh za n\u00e1s, kto proti n\u00e1m?\u201c 32. ver\u0161: \u201eako by n\u00e1m nedaroval s N\u00edm v\u0161etko?\u201c 33. ver\u0161: \u201eKto bude \u017ealova\u0165 na vyvolen\u00fdch Bo\u017e\u00edch?\u201c 34. ver\u0161: \u201eKto ich ods\u00fadi?\u201c <!--more-->35. ver\u0161: \u201eKto n\u00e1s odl\u00fa\u010di od l\u00e1sky Kristovej?\u201c Odpovede s\u00fa tak\u00e9 jednoduch\u00e9 a\u00a0tak\u00e9 n\u00e1dhern\u00e9, \u017ee n\u00e1m Pavel d\u00e1va mo\u017enos\u0165 si ich domyslie\u0165 a\u00a0radova\u0165 sa v\u00a0nich. 31. ver\u0161: Nikto nem\u00f4\u017ee \u00faspe\u0161ne \u0165a\u017ei\u0165 proti n\u00e1m \u2013 dokonca ani teroristi. 32. ver\u0161: Boh zabezpe\u010d\u00ed v\u0161etko, \u010do potrebujeme \u2013 dokonca aj ke\u010f sa v\u0161etko zd\u00e1 straten\u00e9. 33. ver\u0161: Nikto n\u00e1s nem\u00f4\u017ee zatrati\u0165 na nebeskom s\u00fade \u2013 a\u00a0nez\u00e1le\u017e\u00ed na tom, kto n\u00e1s obvin\u00ed. 34. ver\u0161: Nikto n\u00e1s nem\u00f4\u017ee ods\u00fadi\u0165. 35. ver\u0161: Nikto a\u00a0ni\u010d n\u00e1s neodl\u00fa\u010di od Kristovej l\u00e1sky.<\/p>\n<p>A\u00a0v\u00a0tomto \u010dase, ke\u010f si 11.9. pripom\u00edname \u00fatok na Dvoji\u010dky, je tento text pre n\u00e1s e\u0161te relevantnej\u0161\u00ed. Pavel vyslovuje r\u00f4zne veci, ktor\u00e9 n\u00e1s nem\u00f4\u017eu odl\u00fa\u010di\u0165 od l\u00e1sky Kristovej, a\u00a0s\u00fa to podobn\u00e9 veci, ktor\u00e9 sa udiali v ten pam\u00e4tn\u00fd de\u0148: \u201eS\u00fa\u017eenie alebo \u00fazkos\u0165, prenasledovanie alebo hlad, nahota, nebezpe\u010denstvo alebo me\u010d?\u201c Pavel sa rozhodol zmieni\u0165 tak ve\u013ea hrozn\u00fdch vec\u00ed, aby sa uistil, \u017ee ch\u00e1peme, \u017ee nehovor\u00ed: tak teda, tu je nieko\u013eko tak stra\u0161n\u00fdch vec\u00ed, ktor\u00e9 n\u00e1s skuto\u010dne m\u00f4\u017eu odl\u00fa\u010di\u0165 od l\u00e1sky Kristovej. Nie. <em>Ni\u010d n\u00e1s nem\u00f4\u017ee odl\u00fa\u010di\u0165 od Kristovej l\u00e1sky.<\/em><\/p>\n<p><strong>Kristova l\u00e1ska v\u00a0ka\u017edom momente<\/strong><\/p>\n<p>P\u00e1n Je\u017ei\u0161 n\u00e1s miluje teraz.<\/p>\n<p>\u017dena m\u00f4\u017ee poveda\u0165 o\u00a0svojom zosnulom man\u017eelovi: Ni\u010d ma neodl\u00fa\u010di od jeho l\u00e1sky. M\u00f4\u017ee t\u00fdm myslie\u0165, \u017ee spomienky na jeho l\u00e1sku bud\u00fa sladk\u00e9 a\u00a0mocn\u00e9 po cel\u00fd jej \u017eivot. Ale to nie je to, na \u010do m\u00e1 Pavel na tomto mieste na mysli. V 34. ver\u0161i sa hovor\u00ed jasne: \u201eJe to Kristus, ktor\u00fd umrel, ba i z m\u0155tvych vstal, je po pravici Bo\u017eej a prihov\u00e1ra sa aj za n\u00e1s.\u201c<\/p>\n<p>Pavel m\u00f4\u017ee poveda\u0165, \u017ee n\u00e1s ni\u010d neodl\u00fa\u010di od l\u00e1sky Kristovej, preto\u017ee Kristus je \u017eiv\u00fd a\u00a0st\u00e1le \u2013 aj teraz \u2013 n\u00e1s miluje. Je po pravici Boha a\u00a0preto pre n\u00e1s vl\u00e1dne. A\u00a0prihov\u00e1ra sa za n\u00e1s, \u010do znamen\u00e1, \u017ee hodinu za hodinou dohliada na to, aby Jeho dokonan\u00e9 dielo vyk\u00fapenia n\u00e1s skuto\u010dne aj spasilo a\u00a0priviedlo n\u00e1s v\u00a0bezpe\u010d\u00ed do ve\u010dnej radosti. Jeho l\u00e1ska nie je spomienkou. Je to neust\u00e1ly \u010din v\u0161emoh\u00faceho a \u017eiv\u00e9ho Syna Bo\u017eieho, aby n\u00e1s priviedol k\u00a0ve\u010dne trvaj\u00facej radosti.<\/p>\n<p><strong>Kristova konkr\u00e9tna l\u00e1ska<\/strong><\/p>\n<p>T\u00e1to Kristova l\u00e1ska je \u00fa\u010dinn\u00e1 v\u00a0tom, \u017ee n\u00e1s chr\u00e1ni od odl\u00fa\u010denia a\u00a0preto to nie je len v\u0161eobecn\u00e1 l\u00e1ska pre v\u0161etk\u00fdch ale \u0161pecifick\u00e1 l\u00e1ska pre Jeho \u013eud \u2013 t\u00fdch, ktor\u00ed pod\u013ea Rimanom 8:28 miluj\u00fa Boha a\u00a0s\u00fa povolan\u00ed pod\u013ea Jeho z\u00e1meru. To je l\u00e1ska op\u00edsan\u00e1 v\u00a0Efezsk\u00fdm 5:25: \u201eMu\u017eovia, milujte si \u017eeny, ako aj Kristus miloval cirkev a seba sam\u00e9ho vydal za \u0148u.\u201c Je to Kristova l\u00e1ska pre cirkev, Jeho nevestu. Kristus m\u00e1 \u0161peci\u00e1lnu zachra\u0148uj\u00facu zachov\u00e1vaj\u00facu l\u00e1sku pre Jeho nevestu. M\u00f4\u017ee\u0161 vedie\u0165, \u017ee si s\u00fa\u010das\u0165ou tejto nevesty, ak ver\u00ed\u0161 Kristovi. Hocikto \u2013 bez v\u00fdnimky \u2013 hocikto, kto ver\u00ed Kristovi, m\u00f4\u017ee poveda\u0165 \u201esom s\u00fa\u010das\u0165ou Jeho nevesty\u201c, jeho cirkvi, jeho povolan\u00fdch a\u00a0vyvolen\u00fdch, t\u00fdch, o\u00a0ktor\u00fdch Pavel hovor\u00ed, \u017ee s\u00fa zachovan\u00ed a\u00a0chr\u00e1nen\u00ed naveky, aj keby sa udialo \u010doko\u013evek.<\/p>\n<p><strong>Kristova zachov\u00e1vaj\u00faca l\u00e1ska<\/strong><\/p>\n<p>T\u00e1to v\u0161emoh\u00faca \u00fa\u010dinn\u00e1 ochra\u0148uj\u00faca l\u00e1ska n\u00e1s neu\u0161etr\u00ed od kalam\u00edt v\u00a0tomto \u017eivote, no prinesie n\u00e1s v\u00a0bezpe\u010d\u00ed do ve\u010dnej radosti s\u00a0Bohom.<\/p>\n<p>Pavel to ve\u013emi jasne popisuje v 35. ver\u0161i: \u201eKto n\u00e1s odl\u00fa\u010di od l\u00e1sky Kristovej? S\u00fa\u017eenie alebo \u00fazkos\u0165, prenasledovanie alebo hlad, nahota, nebezpe\u010denstvo alebo me\u010d?\u201c Nie. Ale niekto m\u00f4\u017ee poveda\u0165: \u201eNo, ale t\u00fdm mysl\u00ed, \u017ee Boh nedovol\u00ed, aby sa tieto \u0165a\u017ek\u00e9 veci stali Jeho neveste.\u201c<\/p>\n<p>Dve veci dokazuj\u00fa, \u017ee to tak nie je.<\/p>\n<p>Prv\u00e1 vec je zmienka o\u00a0smrti v 38. ver\u0161i (\u201eani smr\u0165, ani \u017eivot &#8230; nem\u00f4\u017eu n\u00e1s odl\u00fa\u010di\u0165 od l\u00e1sky Bo\u017eej, ktor\u00e1 je v Kristovi Je\u017ei\u0161ovi\u201c). Podst\u00fapime smr\u0165, no smr\u0165 n\u00e1s neodl\u00fa\u010di. A\u00a0tak ke\u010f Pavel hovor\u00ed v 35. ver\u0161i, \u017ee \u201eme\u010d\u201c n\u00e1s neodl\u00fa\u010di od l\u00e1sky Kristovej, mysl\u00ed t\u00fdm: dokonca aj keby sme boli zabit\u00ed, nie sme odl\u00fa\u010den\u00ed od l\u00e1sky Kristovej.<\/p>\n<p>Druhou vecou je 36. ver\u0161, kde Pavel cituje \u017dalm 44:22 a\u00a0pou\u017e\u00edva ho na seba a\u00a0na kres\u0165anov vo v\u0161eobecnosti: \u201eAko je nap\u00edsan\u00e9: Pre Teba sme usmrcovan\u00ed cel\u00fd de\u0148, pokladaj\u00fa n\u00e1s za ovce na zabitie.\u201c To znamen\u00e1, \u017ee mu\u010den\u00edctvo je norm\u00e1lnym kres\u0165anstvom. Deje sa v\u0161ade na svete \u2013 v\u00a0Pakistane, Nep\u00e1le, Sud\u00e1ne, Indon\u00e9zii a\u00a0Vietname. Pribli\u017ene 164\u00a0000 kres\u0165anov zomrie tento rok kv\u00f4li svojej viere. To je to, na \u010do Pavel mysl\u00ed. A\u00a0to je to, na \u010do myslel aj P\u00e1n Je\u017ei\u0161, ke\u010f povedal: \u201eNiektor\u00fdch z v\u00e1s usmrtia.\u00a0V\u0161etci v\u00e1s bud\u00fa nen\u00e1vidie\u0165 pre moje meno\u201c (Luk\u00e1\u0161 21:16-17). Na\u0161e obdobie mieru a\u00a0tolerancie v\u00a0Amerike je anom\u00e1liou a\u00a0malo by n\u00e1s poh\u00e1\u0148a\u0165 k\u00a0st\u00e1le v\u00e4\u010d\u0161ej starostlivosti o\u00a0trpiacu cirkev (\u017didom 13:3).<\/p>\n<p>A\u00a0tak si zosumarizujme, o\u00a0\u010do ide v 35. ver\u0161i: Je\u017ei\u0161 Kristus mocne miluje svoj \u013eud v\u0161emoh\u00facou neust\u00e1lou l\u00e1skou, ktor\u00e1 n\u00e1s nie v\u017edy zachr\u00e1ni od kalamity, ale uchov\u00e1 n\u00e1s pre ve\u010dn\u00fa rados\u0165 v\u00a0Jeho pr\u00edtomnosti, dokonca aj cez utrpenie a\u00a0smr\u0165.<\/p>\n<p>A\u00a0tak nechajme Lisu Beamerov\u00fa sved\u010di\u0165 o\u00a0tejto zvrchovanej l\u00e1ske. Jej man\u017eel Todd bol v\u00a0lietadle, ktor\u00e9 teroristi nab\u00farali v\u00a0Pennsylv\u00e1nii. On bol ten, kto povedal: \u201eVzle\u0165me!\u201c Zanechal za sebou Lisu a\u00a0tri mal\u00e9 deti.<\/p>\n<p><strong>Desa\u0165 postrehov o zvrchovanosti a utrpen\u00ed<\/strong><\/p>\n<ol>\n<li><strong> Prijatie\u00a0Bo\u017eej zvrchovanosti prin\u00e1\u0161a silu a n\u00e1dej<\/strong><\/li>\n<\/ol>\n<p>Lisa: \u201cBoh vedel o\u00a0hroznom rozhodnut\u00ed, ktor\u00e9 teroristi urobia a\u00a0\u017ee d\u00f4sledkom toho zomrie Todd Beamer. Vedel, \u017ee moje deti bud\u00fa bez otca a\u00a0ja bez man\u017eela. &#8230; Av\u0161ak vo svojej zvrchovanosti a\u00a0z\u00a0Jeho perspekt\u00edvy a\u00a0nadh\u013eadu vedel, \u017ee bude lep\u0161ie dovoli\u0165, aby sa tieto udalosti stali tak, ako sa stali, ne\u017e zmeni\u0165 Toddove pl\u00e1ny, aby sa vyhol smrti. &#8230; Nerozumiem v\u0161etk\u00fdm d\u00f4vodom, pre\u010do to mohol dovoli\u0165, ke\u010f viem, \u017ee to mohol zastavi\u0165. &#8230; Nep\u00e1\u010di sa mi, ako Jeho pl\u00e1n vyzer\u00e1 pr\u00e1ve teraz z\u00a0mojej perspekt\u00edvy, ale viem, \u017ee ma miluje a\u00a0vid\u00ed svet od za\u010diatku do konca, a pom\u00e1ha mi to poveda\u0165: Je to v\u00a0poriadku.\u201c<\/p>\n<p>\u201eKe\u010f cel\u00fdm srdcom ver\u00edme v\u00a0ka\u017edom momente, \u017ee n\u00e1\u0161 osud le\u017e\u00ed v\u00a0ruk\u00e1ch Je\u017ei\u0161a Krista \u2013 toho Jedin\u00e9ho s\u00a0ultim\u00e1tnou l\u00e1skou a\u00a0ultim\u00e1tnou mocou, \u2013 \u010doho sa m\u00e1me b\u00e1\u0165? Samozrejme, na\u0161a \u013eudskos\u0165 mnohokr\u00e1t zastiera t\u00fato pravdu, ale ke\u010f sa jej dr\u017e\u00edme, pozer\u00e1me sa aj na\u010falej na veci s\u00a0nadh\u013eadom.<\/p>\n<ol start=\"2\">\n<li><strong> Nepredpokladajme, \u017ee vieme lep\u0161ie riadi\u0165 svet ne\u017e Boh. Je to p\u00fdcha.<\/strong><\/li>\n<\/ol>\n<p>Lisa: \u201cMoja viera nebola zakorenen\u00e1 vo vl\u00e1dach, n\u00e1bo\u017eenstve, vysok\u00fdch budov\u00e1ch alebo krehk\u00fdch \u013eu\u010foch. Namiesto toho bola moja viera a\u00a0moja istota v\u00a0Bohu. Ohromila ma jedna my\u0161lienka. Kto si, aby si si predvolal Boha a\u00a0povedal mu, \u017ee m\u00e1\u0161 lep\u0161\u00ed pl\u00e1n ako On? Nem\u00e1\u0161 tak\u00fa ist\u00fa m\u00fadros\u0165, ktor\u00fa m\u00e1 On, ani porozumenie \u0161ir\u0161ieho kontextu.\u201c (<em>World Magazine, <\/em>august 2002)<\/p>\n<p>\u201eTie\u017e nie sme zasv\u00e4ten\u00ed do perspekt\u00edvy, ktor\u00fa On m\u00e1 a\u00a0nem\u00f4\u017eeme prehlasova\u0165, \u017ee vieme lep\u0161ie ako On, \u010do sa m\u00e1 sta\u0165 a\u00a0\u010do nem\u00e1. &#8230; Viera znamen\u00e1, \u017ee bez oh\u013eadu na okolnosti berieme Ho za slovo, \u017ee n\u00e1s miluje a\u00a0v\u0161etko n\u00e1m sl\u00fa\u017ei na dobr\u00e9, ke\u010f Mu ver\u00edme a\u00a0posl\u00fachame Ho. Je o\u010dividn\u00e9, \u017ee d\u00f4sledky tohto porozumenia s\u00fa pre m\u0148a od toho pam\u00e4tn\u00e9ho 11.9.2001 hrozn\u00e9.\u201d<\/p>\n<ol start=\"3\">\n<li><strong> Boh m\u00e1 dobr\u00fd pl\u00e1n vo v\u0161etk\u00fdch t\u00fdch \u0165a\u017ek\u00fdch veciach, ktor\u00e9 sa st\u00e1vaj\u00fa Jeho \u013eudu<\/strong><\/li>\n<\/ol>\n<p>Lisa: \u201cBo\u017eia zvrchovanos\u0165 je pre m\u0148a jasn\u00e1 vec. Ke\u010f m\u00e1m poku\u0161enie nahneva\u0165 sa a p\u00fdta\u0165 sa \u201e\u010co keby?\u201c a \u201ePre\u010do pr\u00e1ve my?\u201c, Boh hovor\u00ed: \u201eDesiateho septembra som o tom vedel a mohol som to zastavi\u0165, ale m\u00e1m pl\u00e1n pre v\u00e4\u010d\u0161ie dobro, ne\u017e si dok\u00e1\u017ee\u0161 predstavi\u0165.\u201c Ja Bo\u017e\u00ed pl\u00e1n nepozn\u00e1m a \u00faprimne, pr\u00e1ve teraz sa mi v\u00f4bec nep\u00e1\u010di. Ale ver\u00edm, \u017ee je vern\u00fd v svojom s\u013eube z Rimanom 8:28: \u201eA my vieme, \u017ee miluj\u00facim Boha, povolan\u00fdm pod\u013ea rady Bo\u017eej, v\u0161etky veci sl\u00fa\u017eia na dobro.\u201c Mojou jedinou zodpovednos\u0165ou je milova\u0165 Boha. On sa postar\u00e1 o to ostatn\u00e9 (<em>Decision Magazine<\/em>, september 2002). Pod svoj\u00edm podpisom Lisa uv\u00e1dza cit\u00e1t z Genesis 50:20, \u201eVy ste zam\u00fd\u0161\u013eali proti mne zl\u00e9, ale Boh to obr\u00e1til na dobr\u00e9.\u201c<\/p>\n<ol start=\"4\">\n<li><strong> Smr\u0165 a\u00a0utrpenie vtl\u00e1\u010daj\u00fa do n\u00e1s perspekt\u00edvu ve\u010dnosti<\/strong><\/li>\n<\/ol>\n<p>Lisa: \u201cJeden\u00e1sty september mi po\u010das posledn\u00fdch mesiacov uk\u00e1zal ve\u010dnos\u0165 dynamick\u00fdm sp\u00f4sobom. Ke\u010f ma prem\u00e1ha sm\u00fatok z\u00a0toho, \u010do som stratila v\u00a0tomto \u017eivote, On mi r\u00fdchlo d\u00e1 Jeho ve\u010dn\u00fa perspekt\u00edvu. \u201eLisa, tento \u017eivot je len jedno bliknutie na radarovej obrazovke v\u00a0porovnan\u00ed s\u00a0tvojou bud\u00facnos\u0165ou so Mnou v\u00a0nebi.\u201c Hovor\u00ed: \u201eNajlep\u0161ia vec, ktor\u00fa si dok\u00e1\u017ee\u0161 predstavi\u0165 na zemi, je odpad v\u00a0porovnan\u00ed s\u00a0t\u00fdm, \u010do \u0165a \u010dak\u00e1.\u201c (<em>Decision Magazine<\/em>, 8)<\/p>\n<ol start=\"5\">\n<li><strong> Boh rozklad\u00e1 utrpenie nerovnomerne a\u00a0jedna \u0165a\u017ek\u00e1 vec m\u00f4\u017ee pripravova\u0165 na druh\u00fa<\/strong><\/li>\n<\/ol>\n<p>Ke\u010f mala Lisa 15 rokov, jej otec dostal vydutie aorty v\u00a0pr\u00e1ci a\u00a0hne\u010f nasleduj\u00face r\u00e1no zomrel v\u00a0nemocnici. Lisa: \u201eKe\u010f m\u00f4j otec zomrel, viera u\u017e nebola tak\u00e1 \u013eahk\u00e1. &#8230; Str\u00e1vila som p\u00e4\u0165 t\u00fd\u017ed\u0148ov p\u00fdtaj\u00fac sa pre\u010do, vyjadruj\u00fac svoj hnev, \u017ee to nie je f\u00e9r pred t\u00fdm, ne\u017e mi Boh pomohol uvedomi\u0165 si, kto je On po cel\u00fd ten \u010das \u2013 v\u00a0dobr\u00fdch aj zl\u00fdch okolnostiach. Je v\u0161emocn\u00fd a v\u0161emiluj\u00faci, ale to neznamen\u00e1, \u017ee ako ob\u010dana tohto padl\u00e9ho sveta n\u00e1s ochra\u0148uje od ka\u017edej \u201ezlej\u201c udalosti.\u201c<\/p>\n<p>Ak\u00fd svedok Bo\u017eej dobroty a\u00a0zvrchovanosti by dnes svetu ch\u00fdbal, ak by Boh nepripravil Lisu Beamer na t\u00fato stratu smr\u0165ou jej otca!<\/p>\n<ol start=\"6\">\n<li><strong> Bo\u017eia l\u00e1ska sa o\u00a0n\u00e1s star\u00e1 v\u00a0na\u0161om utrpen\u00ed pr\u00e1ve teraz, nie len potom<\/strong><\/li>\n<\/ol>\n<p>Lisa: \u201cVie, \u017ee ma to bol\u00ed a\u00a0\u017ee potrebujem pomoc pr\u00e1ve teraz. Ka\u017ed\u00fd de\u0148 ma povzbudzuje. Mal\u00e9 veci mi ukazuj\u00fa, \u017ee je so mnou: P\u00edsmo pr\u00e1ve t\u00fdmi slovami, ktor\u00e9 potrebujem po\u010du\u0165, telefon\u00e1t od priate\u013eov, ke\u010f sa c\u00edtim opusten\u00e1, pomoc s\u00a0\u00falohou, ktor\u00fa nezvl\u00e1dnem sama, alebo objatie a \u201eMilujem \u0165a\u201c od jedn\u00e9ho z\u00a0mojich det\u00ed. Bo\u017eia l\u00e1ska je skuto\u010dne dostato\u010dn\u00e1, aby naplinila ak\u00fako\u013evek potrebu, ktor\u00fa m\u00e1m.\u201c (<em>Decision Magazine<\/em>, spetember 2002)<\/p>\n<ol start=\"7\">\n<li><strong> Kalamita vol\u00e1 po r\u00fdchlej praktickej l\u00e1ske ako jedl\u00e1 a\u00a0opatrovanie det\u00ed<\/strong><\/li>\n<\/ol>\n<p>Lisa: \u201cObraz cirkvi ako r\u00fak a\u00a0n\u00f4h Krista, kde m\u00e1 ka\u017ed\u00e1 osoba \u0161pecifick\u00fd dar, mi bol ve\u013emi dobre predstaven\u00fd po\u010das t\u00fdchto posledn\u00fdch mesiacov. Na za\u010diatku to bola okam\u017eit\u00e1 a\u00a0praktick\u00e1 pomoc. Potrebovala som navari\u0165, postara\u0165 sa o\u00a0deti, zvl\u00e1dnu\u0165 telefon\u00e1ty a\u00a0po\u0161tu. Teraz ke\u010f u\u017e nie sme v\u00a0kr\u00edzovom re\u017eime, je to pomoc pri dost\u00e1van\u00ed sa do norm\u00e1lu. Potrebujem poradenstvo, povzbudenie, modlitbu.\u201c<\/p>\n<ol start=\"8\">\n<li><strong> Tich\u00e1 d\u00f4vera v Bo\u017eiu moc a dobrotu cez utrpenie vytv\u00e1ra pr\u00edle\u017eitosti pre svedectvo<\/strong><\/li>\n<\/ol>\n<p>Marilee Melvin povedala o Lise: \u201cJej odzbrojuj\u00faca tich\u00e1 d\u00f4vera v\u00a0Bo\u017eie z\u00e1mery mus\u00ed by\u0165 d\u00f4vodom, pre\u010do ju mal Larry King vo svojej show 11-kr\u00e1t.\u201c<\/p>\n<ol start=\"9\">\n<li><strong> D\u00f4vera v\u00a0Bo\u017eiu zvrchovan\u00fa starostlivos\u0165 vo v\u0161etk\u00fdch okolnostiach \u0165a oslobod\u00ed od chamtivosti a\u00a0uvo\u013en\u00ed l\u00e1sku pre druh\u00fdch<\/strong><\/li>\n<\/ol>\n<p>Lise Beamer za\u010dali chodi\u0165 peniaze. Niektor\u00e9 listy boli jednoducho ozna\u010den\u00e9 len slovami \u201cLisa Beamer, New Jersey\u201c a\u00a0dostali sa k\u00a0nej.<\/p>\n<p>Lisa: \u201eNec\u00edtila som sa pohodlne, \u017ee by som si ich mala necha\u0165 pre n\u00e1s, ke\u010f je mnoho nezn\u00e1mych rod\u00edn, s\u00a0ktor\u00fdmi som sa mohla podeli\u0165.\u201c Tak zalo\u017eila nad\u00e1ciu Todd M. Beamer Foundation, aby pomohla de\u0165om, ktor\u00e9 stratili rodi\u010da v\u00a0katastrofe z\u00a011. septembra 2001.<\/p>\n<p>Jej sloboda pre druh\u00fdch sa prejavila aj in\u00fdm sp\u00f4sobom: \u201eMoja rodina a\u00a0ja sme oplak\u00e1vali stratu Todda v\u00a0ten de\u0148 ve\u013emi hlboko &#8230; a\u00a0st\u00e1le je to tak. Ale preto\u017ee m\u00e1me n\u00e1dej v\u00a0P\u00e1novi, bez pochybnost\u00ed vieme, \u017ee jedn\u00e9ho d\u0148a uvid\u00edme Todda znovu. Tr\u00e1pim sa pre \u013eud\u00ed, ktor\u00ed nemaj\u00fa tak\u00fa ist\u00fa n\u00e1dej a\u00a0modl\u00edm sa, aby v\u00a0na\u0161ej rodine uvideli nie\u010do, \u010do ich povzbud\u00ed d\u00f4verova\u0165 P\u00e1novi.\u201c (<em>World Magazine<\/em>, august 2002)<\/p>\n<p>Lisin sp\u00f4sob povzbudzovania \u013eud\u00ed do viery v\u00a0P\u00e1na je niekedy tak\u00fd priamy, \u017ee\u00a0<a href=\"http:\/\/www.newsweek.com\/their-faith-and-fears-144781\">Newsweek magazinet<\/a>\u00a0ho nazval \u201cpr\u00edsny a\u00a0dokonca trochu pochm\u00farny.\u201d Vo svojich memo\u00e1roch nap\u00edsala: \u201eMysl\u00ed\u0161 si, \u017ee si zasluhuje\u0161 \u0161\u0165astn\u00fd \u017eivot, a\u00a0hnev\u00e1\u0161 sa, ak sa to tak nie v\u017edy deje. V\u00a0skuto\u010dnosti si hrie\u0161nik a\u00a0zasluhuje\u0161 si len smr\u0165. Skuto\u010dnos\u0165, \u017ee ti Boh pon\u00faka n\u00e1dej ve\u010dn\u00e9ho \u017eivota je \u00fa\u017easn\u00e1! Mal by si by\u0165 premo\u017een\u00fd rados\u0165ou a\u00a0v\u010fa\u010dnos\u0165ou.\u201c<\/p>\n<ol start=\"10\">\n<li><strong> Bez Boha je svet bezn\u00e1dejn\u00fd<\/strong><\/li>\n<\/ol>\n<p>So stovkou in\u00fdch sa z\u00fa\u010dastnila pam\u00e4tnej slu\u017eby v Shanksville, Pennsylv\u00e1nia na mieste p\u00e1du lietadla, kde zomrel jej man\u017eel. Krista vyvy\u0161uj\u00faca pam\u00e4tn\u00e1 slu\u017eba pre Todda bola v nede\u013eu de\u0148 predt\u00fdm a posilnila ju. \u201eV pondelok,\u201c hovor\u00ed, \u201eako som po\u010d\u00favala tie pr\u00edhovory, ktor\u00e9 sa sna\u017eili ute\u0161i\u0165, ako mohli, ale len s mal\u00fdm, ak v\u00f4bec nejak\u00fdm, priamym odkazom na moc Bo\u017eiu, ktor\u00e1 n\u00e1s udr\u017eiava, c\u00edtila som sa, ako keby som bezmocne padala z vysok\u00e9ho vrchu do hlbokej rokliny. Oce\u0148ovala som t\u00fdchto \u00fa\u017easn\u00fdch \u013eud\u00ed, ktor\u00ed sa n\u00e1s sna\u017eili povzbudi\u0165, ale toto popoludnie bolo vlastne jedno z najhor\u0161\u00edch v mojom z\u00e1rmutku. Nebolo to kv\u00f4li \u013eu\u010fom, alebo kv\u00f4li tejto udalosti \u010di tomuto miestu. Namiesto toho ma zasiahlo to, ak\u00fd bezmocn\u00fd je svet, ke\u010f je Boh vyl\u00fa\u010den\u00fd z rovnice.\u201c (<em>World Magazine<\/em>, august 2002)<\/p>\n<p>Tak spolu s Lisou Bemaerovou, Apo\u0161tolom Pavlom a samotn\u00fdm Je\u017ei\u0161om Kristom v\u00e1s chcem dnes vyzva\u0165: Nevylu\u010dujte zo svojho \u017eivota Boha ani Je\u017ei\u0161a Krista, ktor\u00fd zomrel a vstal z m\u0155tvych a vl\u00e1dne a prihov\u00e1ra sa za v\u0161etk\u00fdch, ktor\u00ed Mu veria, aby ste mohli ma\u0165 ve\u010dn\u00fa rados\u0165 s N\u00edm v pr\u00edtomnosti Boha.<\/p>\n<p><a href=\"https:\/\/pravdavlaske.sk\/en\/tag\/john-piper\/\"><em>John Piper<\/em><\/a><\/p>\n<p>Prelo\u017een\u00e9 z: <a href=\"https:\/\/www.desiringgod.org\/messages\/nothing-can-separate-us-from-the-love-of-christ\">https:\/\/www.desiringgod.org\/messages\/nothing-can-separate-us-from-the-love-of-christ<\/a><\/p>","protected":false},"excerpt":{"rendered":"<p>P\u00e4\u0165kr\u00e1t sa v 8. kapitole listu Rimanom Apo\u0161tol Pavel p\u00fdtal ot\u00e1zky, aby na\u010drtol \u00fa\u017easn\u00e9 privil\u00e9gi\u00e1 pre t\u00fdch, ktor\u00ed patria Je\u017ei\u0161ovi Kristovi. 31. ver\u0161: \u201eKe\u010f Boh za n\u00e1s, kto proti n\u00e1m?\u201c 32. ver\u0161: \u201eako by n\u00e1m nedaroval s N\u00edm v\u0161etko?\u201c 33. ver\u0161: \u201eKto bude \u017ealova\u0165 na vyvolen\u00fdch Bo\u017e\u00edch?\u201c 34. ver\u0161: \u201eKto ich ods\u00fadi?\u201c<\/p>","protected":false},"author":1,"featured_media":10053,"comment_status":"closed","ping_status":"open","sticky":false,"template":"","format":"standard","meta":{"footnotes":""},"categories":[83],"tags":[130,146,85],"ppma_author":[192],"class_list":["post-10052","post","type-post","status-publish","format-standard","has-post-thumbnail","hentry","category-nazory","tag-jezis-kristus","tag-john-piper","tag-laska"],"authors":[{"term_id":192,"user_id":9,"is_guest":0,"slug":"john-piper","display_name":"John Piper","avatar_url":"https:\/\/secure.gravatar.com\/avatar\/?s=96&d=mm&r=g","0":null,"1":"","2":"","3":"","4":"","5":"","6":"","7":"","8":""}],"_links":{"self":[{"href":"https:\/\/pravdavlaske.sk\/en\/wp-json\/wp\/v2\/posts\/10052","targetHints":{"allow":["GET"]}}],"collection":[{"href":"https:\/\/pravdavlaske.sk\/en\/wp-json\/wp\/v2\/posts"}],"about":[{"href":"https:\/\/pravdavlaske.sk\/en\/wp-json\/wp\/v2\/types\/post"}],"author":[{"embeddable":true,"href":"https:\/\/pravdavlaske.sk\/en\/wp-json\/wp\/v2\/users\/1"}],"replies":[{"embeddable":true,"href":"https:\/\/pravdavlaske.sk\/en\/wp-json\/wp\/v2\/comments?post=10052"}],"version-history":[{"count":0,"href":"https:\/\/pravdavlaske.sk\/en\/wp-json\/wp\/v2\/posts\/10052\/revisions"}],"wp:featuredmedia":[{"embeddable":true,"href":"https:\/\/pravdavlaske.sk\/en\/wp-json\/wp\/v2\/media\/10053"}],"wp:attachment":[{"href":"https:\/\/pravdavlaske.sk\/en\/wp-json\/wp\/v2\/media?parent=10052"}],"wp:term":[{"taxonomy":"category","embeddable":true,"href":"https:\/\/pravdavlaske.sk\/en\/wp-json\/wp\/v2\/categories?post=10052"},{"taxonomy":"post_tag","embeddable":true,"href":"https:\/\/pravdavlaske.sk\/en\/wp-json\/wp\/v2\/tags?post=10052"},{"taxonomy":"author","embeddable":true,"href":"https:\/\/pravdavlaske.sk\/en\/wp-json\/wp\/v2\/ppma_author?post=10052"}],"curies":[{"name":"wp","href":"https:\/\/api.w.org\/{rel}","templated":true}]}}